{"id":19162,"date":"2023-08-14T14:00:25","date_gmt":"2023-08-14T17:00:25","guid":{"rendered":"https:\/\/www.bibliotecadeseguranca.com.br\/fr\/?p=19162"},"modified":"2023-08-14T13:39:50","modified_gmt":"2023-08-14T16:39:50","slug":"processo-de-gestao-de-riscos-no-diario-oficial-do-distrito-federal","status":"publish","type":"post","link":"https:\/\/www.bibliotecadeseguranca.com.br\/fr\/livros\/processo-de-gestao-de-riscos-no-diario-oficial-do-distrito-federal\/","title":{"rendered":"Processo de Gest\u00e3o de Riscos no Di\u00e1rio Oficial do Distrito Federal"},"content":{"rendered":"<p><span style=\"color: #003366;\"><strong><img loading=\"lazy\" decoding=\"async\" class=\"alignleft size-full wp-image-19163\" src=\"https:\/\/www.bibliotecadeseguranca.com.br\/fr\/wp-content\/uploads\/2023\/08\/processo-de-gestao-de-riscos-no-diario-oficial-do-distrito-federal.jpg\" alt=\"Processo de Gest\u00e3o de Riscos no Di\u00e1rio Oficial do Distrito Federal\" width=\"145\" height=\"205\" srcset=\"https:\/\/www.bibliotecadeseguranca.com.br\/fr\/wp-content\/uploads\/2023\/08\/processo-de-gestao-de-riscos-no-diario-oficial-do-distrito-federal.jpg 145w, https:\/\/www.bibliotecadeseguranca.com.br\/fr\/wp-content\/uploads\/2023\/08\/processo-de-gestao-de-riscos-no-diario-oficial-do-distrito-federal-106x150.jpg 106w\" sizes=\"auto, (max-width: 145px) 100vw, 145px\" \/>Marcelo Mafra Leal<\/strong><\/span><\/p>\n<p><span style=\"color: #003366;\"><strong>R\u00e9sum\u00e9:<\/strong><\/span> A aplica\u00e7\u00e3o da gest\u00e3o de riscos cresce na administra\u00e7\u00e3o p\u00fablica a cada ano e no Governo do Distrito Federal. Sabe-se que todo processo envolve riscos e existe aus\u00eancia de conhecimento sobre a implementa\u00e7\u00e3o de gest\u00e3o de riscos na solicita\u00e7\u00e3o de publica\u00e7\u00e3o de atos oficiais nos Di\u00e1rios Oficiais.<br \/>\nObjetivo: desenvolver proposta de aplica\u00e7\u00e3o de gest\u00e3o de riscos no processo de publica\u00e7\u00e3o de atos oficiais no Di\u00e1rio Oficial do Distrito Federal sob a coordena\u00e7\u00e3o da Coordena\u00e7\u00e3o de Distribui\u00e7\u00e3o e Faturamento com base na ISO 31000:2018. M\u00e9todo: Trata-se de uma pesquisa descritiva e explorat\u00f3ria de relato de caso. Resultados: Estabeleceu-se o mapeamento do processo de publica\u00e7\u00e3o de atos oficiais bem como processo de gest\u00e3o de risco no Di\u00e1rio Oficial de Distrito Federal coordenado pela Coordena\u00e7\u00e3o de Distribui\u00e7\u00e3o e Faturamento. Os resultados obtidos identificaram onze riscos, desses relacionados a conformidade (n=3), estrat\u00e9gicos (n=4) e fiscais (n=4) e distribu\u00eddos entre os n\u00edveis de riscos m\u00e9dios (n=5), baixo (n=3) e alto (n=3). A ferramenta desenvolvida foi capaz de realizar a gest\u00e3o dos pedidos e riscos envolvidos no processo de publica\u00e7\u00e3o de atos oficiais por meio de cores (sem\u00e1foro), al\u00e9m de emiss\u00e3o de alertas (pop-up), bem como apresentar op\u00e7\u00f5es de respostas aos riscos. Al\u00e9m disso, apresentou um interface de dashboard que comunica de forma sistem\u00e1tica as demandas e os riscos. A implementa\u00e7\u00e3o da ferramenta voltada a gest\u00e3o de riscos permitiu o registro de 50.000 registros (2016-2018) e no ano de 2018 a identifica\u00e7\u00e3o de 1.241 riscos envolvidos nas etapas de publica\u00e7\u00e3o (prazo &gt;48 horas) e faturamento (vig\u00eancia de contratos e saldos).<br \/>\nOs resultados obtidos da proposta de gest\u00e3o de riscos e a implementa\u00e7\u00e3o da ferramenta foram satisfat\u00f3rios em n\u00fameros e na percep\u00e7\u00e3o dos envolvidos. Conclus\u00e3o: Os resultados evidenciam que \u00e9 poss\u00edvel implementar a gest\u00e3o de riscos no processo de publica\u00e7\u00e3o de atos oficiais, assim como \u00e9 vi\u00e1vel e aplic\u00e1vel a ferramenta voltada a gest\u00e3o de riscos desenvolvida. Este \u00e9 a primeira proposta de gest\u00e3o de riscos em um Di\u00e1rio Oficial, assim espera-se que os resultados positivos possam estimular outros Di\u00e1rios a buscarem controles internos para melhorar os servi\u00e7os prestados a sociedade de forma geral.<\/p>\n<p><a href=\"https:\/\/www.bibliotecadeseguranca.com.br\/wp-content\/uploads\/2023\/08\/processo-de-gestao-de-riscos-no-diario-oficial-do-distrito-federal.pdf\" target=\"_blank\" rel=\"noopener\"><img loading=\"lazy\" decoding=\"async\" class=\"alignleft wp-image-12143 size-full\" src=\"https:\/\/www.bibliotecadeseguranca.com.br\/fr\/wp-content\/uploads\/2015\/03\/download_fr.gif\" alt=\"T\u00e9l\u00e9charger\" width=\"107\" height=\"25\" \/><\/a><\/p>\n","protected":false},"excerpt":{"rendered":"<p>Marcelo Mafra Leal R\u00e9sum\u00e9: A aplica\u00e7\u00e3o da gest\u00e3o de riscos cresce na administra\u00e7\u00e3o p\u00fablica a cada ano e no Governo do Distrito Federal. Sabe-se que todo processo envolve riscos e existe aus\u00eancia de conhecimento sobre a implementa\u00e7\u00e3o de gest\u00e3o de riscos na solicita\u00e7\u00e3o de publica\u00e7\u00e3o de atos oficiais nos Di\u00e1rios Oficiais. Objetivo: desenvolver proposta de aplica\u00e7\u00e3o de gest\u00e3o de riscos no processo de publica\u00e7\u00e3o de atos oficiais no Di\u00e1rio Oficial&hellip; <\/p>\n","protected":false},"author":3,"featured_media":19163,"comment_status":"open","ping_status":"closed","sticky":false,"template":"","format":"standard","meta":{"footnotes":""},"categories":[92,6,19,112],"tags":[],"class_list":["post-19162","post","type-post","status-publish","format-standard","has-post-thumbnail","hentry","category-trabalho-academico","category-livros","category-risco-e-perdas","category-download"],"views":346,"_links":{"self":[{"href":"https:\/\/www.bibliotecadeseguranca.com.br\/fr\/wp-json\/wp\/v2\/posts\/19162","targetHints":{"allow":["GET"]}}],"collection":[{"href":"https:\/\/www.bibliotecadeseguranca.com.br\/fr\/wp-json\/wp\/v2\/posts"}],"about":[{"href":"https:\/\/www.bibliotecadeseguranca.com.br\/fr\/wp-json\/wp\/v2\/types\/post"}],"author":[{"embeddable":true,"href":"https:\/\/www.bibliotecadeseguranca.com.br\/fr\/wp-json\/wp\/v2\/users\/3"}],"replies":[{"embeddable":true,"href":"https:\/\/www.bibliotecadeseguranca.com.br\/fr\/wp-json\/wp\/v2\/comments?post=19162"}],"version-history":[{"count":1,"href":"https:\/\/www.bibliotecadeseguranca.com.br\/fr\/wp-json\/wp\/v2\/posts\/19162\/revisions"}],"predecessor-version":[{"id":19164,"href":"https:\/\/www.bibliotecadeseguranca.com.br\/fr\/wp-json\/wp\/v2\/posts\/19162\/revisions\/19164"}],"wp:featuredmedia":[{"embeddable":true,"href":"https:\/\/www.bibliotecadeseguranca.com.br\/fr\/wp-json\/wp\/v2\/media\/19163"}],"wp:attachment":[{"href":"https:\/\/www.bibliotecadeseguranca.com.br\/fr\/wp-json\/wp\/v2\/media?parent=19162"}],"wp:term":[{"taxonomy":"category","embeddable":true,"href":"https:\/\/www.bibliotecadeseguranca.com.br\/fr\/wp-json\/wp\/v2\/categories?post=19162"},{"taxonomy":"post_tag","embeddable":true,"href":"https:\/\/www.bibliotecadeseguranca.com.br\/fr\/wp-json\/wp\/v2\/tags?post=19162"}],"curies":[{"name":"wp","href":"https:\/\/api.w.org\/{rel}","templated":true}]}}