{"id":19122,"date":"2023-07-28T14:00:03","date_gmt":"2023-07-28T17:00:03","guid":{"rendered":"https:\/\/www.bibliotecadeseguranca.com.br\/fr\/?p=19122"},"modified":"2023-07-28T13:33:44","modified_gmt":"2023-07-28T16:33:44","slug":"les-entreprises-militaires-et-de-securite-privees-apprehendees-par-le-droit","status":"publish","type":"post","link":"https:\/\/www.bibliotecadeseguranca.com.br\/fr\/livros\/les-entreprises-militaires-et-de-securite-privees-apprehendees-par-le-droit\/","title":{"rendered":"Les Entreprises Militaires et de S\u00e9curit\u00e9 Priv\u00e9es Appr\u00e9hend\u00e9es par le Droit"},"content":{"rendered":"<p><span style=\"color: #003366;\"><strong><img loading=\"lazy\" decoding=\"async\" class=\"alignleft size-full wp-image-19123\" src=\"https:\/\/www.bibliotecadeseguranca.com.br\/fr\/wp-content\/uploads\/2023\/07\/les-entreprises-militaires-et-de-securite-privees-apprehendees-par-le-droit.jpg\" alt=\"Les Entreprises Militaires et de S\u00e9curit\u00e9 Priv\u00e9es Appr\u00e9hend\u00e9es par le Droit\" width=\"145\" height=\"204\" srcset=\"https:\/\/www.bibliotecadeseguranca.com.br\/fr\/wp-content\/uploads\/2023\/07\/les-entreprises-militaires-et-de-securite-privees-apprehendees-par-le-droit.jpg 145w, https:\/\/www.bibliotecadeseguranca.com.br\/fr\/wp-content\/uploads\/2023\/07\/les-entreprises-militaires-et-de-securite-privees-apprehendees-par-le-droit-107x150.jpg 107w\" sizes=\"auto, (max-width: 145px) 100vw, 145px\" \/>Thierry Garcia<\/strong><\/span><\/p>\n<p><span style=\"color: #003366;\"><strong>Maison d&#8217;\u00e9dition Mare &amp; Martin<\/strong><\/span><\/p>\n<p><span style=\"color: #003366;\"><strong>R\u00e9sum\u00e9:<\/strong><\/span> Les Entreprises militaires et de s\u00e9curit\u00e9 priv\u00e9es (EMSP) &#8211; d\u00e9finies comme des entit\u00e9s commerciales priv\u00e9es qui fournissent des services militaires et\/ou de s\u00e9curit\u00e9 &#8211; ont fait l&#8217;objet de nombreuses \u00e9tudes sp\u00e9cifiques par les juristes anglo-saxons, depuis une vingtaine d&#8217;ann\u00e9es. Mais, jusqu&#8217;\u00e0 pr\u00e9sent, aucune \u00e9tude globale ne leur a \u00e9t\u00e9 consacr\u00e9e en langue anglaise et surtout en Fran\u00e7ais.<br \/>\nLa grande originalit\u00e9 de cet ouvrage r\u00e9side dans l&#8217;\u00e9tude de mani\u00e8re transversale des EMSP, sous diff\u00e9rents angles juridiques incluant toutes ses dimensions : internationale, r\u00e9gionale, nationale et compar\u00e9e.<br \/>\nLa conception retenue consiste \u00e0 se demander de quelle mani\u00e8re les EMSP sont appr\u00e9hend\u00e9es par ces diff\u00e9rents droits. La dynamique de cette approche comparatiste permet de percevoir les \u00e9volutions en ce domaine, ainsi que d&#8217;\u00e9tablir les \u00e9l\u00e9ments de divergence et de convergence. L&#8217;harmonisation et la combinaison entre ces ordres juridiques sont alors prescrites dans cet ouvrage afin de saisir de mani\u00e8re effective et efficace ces entreprises.<\/p>\n","protected":false},"excerpt":{"rendered":"<p>Thierry Garcia Maison d&#8217;\u00e9dition Mare &amp; Martin R\u00e9sum\u00e9: Les Entreprises militaires et de s\u00e9curit\u00e9 priv\u00e9es (EMSP) &#8211; d\u00e9finies comme des entit\u00e9s commerciales priv\u00e9es qui fournissent des services militaires et\/ou de s\u00e9curit\u00e9 &#8211; ont fait l&#8217;objet de nombreuses \u00e9tudes sp\u00e9cifiques par les juristes anglo-saxons, depuis une vingtaine d&#8217;ann\u00e9es. Mais, jusqu&#8217;\u00e0 pr\u00e9sent, aucune \u00e9tude globale ne leur a \u00e9t\u00e9 consacr\u00e9e en langue anglaise et surtout en Fran\u00e7ais. La grande originalit\u00e9 de cet&hellip; <\/p>\n","protected":false},"author":3,"featured_media":19123,"comment_status":"open","ping_status":"closed","sticky":false,"template":"","format":"standard","meta":{"footnotes":""},"categories":[109,23,6],"tags":[],"class_list":["post-19122","post","type-post","status-publish","format-standard","has-post-thumbnail","hentry","category-francais","category-gestao-da-seguranca-empresarial","category-livros"],"views":239,"_links":{"self":[{"href":"https:\/\/www.bibliotecadeseguranca.com.br\/fr\/wp-json\/wp\/v2\/posts\/19122","targetHints":{"allow":["GET"]}}],"collection":[{"href":"https:\/\/www.bibliotecadeseguranca.com.br\/fr\/wp-json\/wp\/v2\/posts"}],"about":[{"href":"https:\/\/www.bibliotecadeseguranca.com.br\/fr\/wp-json\/wp\/v2\/types\/post"}],"author":[{"embeddable":true,"href":"https:\/\/www.bibliotecadeseguranca.com.br\/fr\/wp-json\/wp\/v2\/users\/3"}],"replies":[{"embeddable":true,"href":"https:\/\/www.bibliotecadeseguranca.com.br\/fr\/wp-json\/wp\/v2\/comments?post=19122"}],"version-history":[{"count":1,"href":"https:\/\/www.bibliotecadeseguranca.com.br\/fr\/wp-json\/wp\/v2\/posts\/19122\/revisions"}],"predecessor-version":[{"id":19124,"href":"https:\/\/www.bibliotecadeseguranca.com.br\/fr\/wp-json\/wp\/v2\/posts\/19122\/revisions\/19124"}],"wp:featuredmedia":[{"embeddable":true,"href":"https:\/\/www.bibliotecadeseguranca.com.br\/fr\/wp-json\/wp\/v2\/media\/19123"}],"wp:attachment":[{"href":"https:\/\/www.bibliotecadeseguranca.com.br\/fr\/wp-json\/wp\/v2\/media?parent=19122"}],"wp:term":[{"taxonomy":"category","embeddable":true,"href":"https:\/\/www.bibliotecadeseguranca.com.br\/fr\/wp-json\/wp\/v2\/categories?post=19122"},{"taxonomy":"post_tag","embeddable":true,"href":"https:\/\/www.bibliotecadeseguranca.com.br\/fr\/wp-json\/wp\/v2\/tags?post=19122"}],"curies":[{"name":"wp","href":"https:\/\/api.w.org\/{rel}","templated":true}]}}