{"id":19113,"date":"2023-07-24T14:00:55","date_gmt":"2023-07-24T17:00:55","guid":{"rendered":"https:\/\/www.bibliotecadeseguranca.com.br\/fr\/?p=19113"},"modified":"2023-07-24T13:42:11","modified_gmt":"2023-07-24T16:42:11","slug":"modelos-de-gestao-2","status":"publish","type":"post","link":"https:\/\/www.bibliotecadeseguranca.com.br\/fr\/livros\/modelos-de-gestao-2\/","title":{"rendered":"Modelos de Gest\u00e3o"},"content":{"rendered":"<p><span style=\"color: #003366;\"><strong><img loading=\"lazy\" decoding=\"async\" class=\"alignleft size-full wp-image-19114\" src=\"https:\/\/www.bibliotecadeseguranca.com.br\/fr\/wp-content\/uploads\/2023\/07\/modelos-de-gestao.jpg\" alt=\"Modelos de Gest\u00e3o\" width=\"145\" height=\"218\" srcset=\"https:\/\/www.bibliotecadeseguranca.com.br\/fr\/wp-content\/uploads\/2023\/07\/modelos-de-gestao.jpg 145w, https:\/\/www.bibliotecadeseguranca.com.br\/fr\/wp-content\/uploads\/2023\/07\/modelos-de-gestao-100x150.jpg 100w\" sizes=\"auto, (max-width: 145px) 100vw, 145px\" \/>Victor Cla\u00fadio Paradela Ferreira, Antonio Semeraro Rito Cardoso, Carlos Jos\u00e9 Corr\u00eaa, C\u00e9lio Francisco Fran\u00e7a<\/strong><\/span><\/p>\n<p><span style=\"color: #003366;\"><strong>Maison d&#8217;\u00e9dition FGV<\/strong><\/span><\/p>\n<p><span style=\"color: #003366;\"><strong>R\u00e9sum\u00e9:<\/strong><\/span> Este livro analisa as principais abordagens do pensamento administrativo, desde sua origem at\u00e9 as tend\u00eancias mais atuais, refletindo sobre suas bases filos\u00f3ficas e sua ambi\u00eancia social, pol\u00edtica, cultural e econ\u00f4mica, destacando seus pontos fortes e fracos. Os autores buscam atender ao leitor iniciante nos estudos dos modelos de gest\u00e3o, bem como ao que, j\u00e1 possuindo forma\u00e7\u00e3o ou experi\u00eancia na \u00e1rea, pretende ampliar sua base te\u00f3rica sobre os fen\u00f4menos t\u00edpicos das organiza\u00e7\u00f5es de trabalho.<\/p>\n","protected":false},"excerpt":{"rendered":"<p>Victor Cla\u00fadio Paradela Ferreira, Antonio Semeraro Rito Cardoso, Carlos Jos\u00e9 Corr\u00eaa, C\u00e9lio Francisco Fran\u00e7a Maison d&#8217;\u00e9dition FGV R\u00e9sum\u00e9: Este livro analisa as principais abordagens do pensamento administrativo, desde sua origem at\u00e9 as tend\u00eancias mais atuais, refletindo sobre suas bases filos\u00f3ficas e sua ambi\u00eancia social, pol\u00edtica, cultural e econ\u00f4mica, destacando seus pontos fortes e fracos. Os autores buscam atender ao leitor iniciante nos estudos dos modelos de gest\u00e3o, bem como ao&hellip; <\/p>\n","protected":false},"author":3,"featured_media":19114,"comment_status":"open","ping_status":"closed","sticky":false,"template":"","format":"standard","meta":{"footnotes":""},"categories":[14,6],"tags":[],"class_list":["post-19113","post","type-post","status-publish","format-standard","has-post-thumbnail","hentry","category-administracao-e-estrategia-empresarial","category-livros"],"views":214,"_links":{"self":[{"href":"https:\/\/www.bibliotecadeseguranca.com.br\/fr\/wp-json\/wp\/v2\/posts\/19113","targetHints":{"allow":["GET"]}}],"collection":[{"href":"https:\/\/www.bibliotecadeseguranca.com.br\/fr\/wp-json\/wp\/v2\/posts"}],"about":[{"href":"https:\/\/www.bibliotecadeseguranca.com.br\/fr\/wp-json\/wp\/v2\/types\/post"}],"author":[{"embeddable":true,"href":"https:\/\/www.bibliotecadeseguranca.com.br\/fr\/wp-json\/wp\/v2\/users\/3"}],"replies":[{"embeddable":true,"href":"https:\/\/www.bibliotecadeseguranca.com.br\/fr\/wp-json\/wp\/v2\/comments?post=19113"}],"version-history":[{"count":1,"href":"https:\/\/www.bibliotecadeseguranca.com.br\/fr\/wp-json\/wp\/v2\/posts\/19113\/revisions"}],"predecessor-version":[{"id":19115,"href":"https:\/\/www.bibliotecadeseguranca.com.br\/fr\/wp-json\/wp\/v2\/posts\/19113\/revisions\/19115"}],"wp:featuredmedia":[{"embeddable":true,"href":"https:\/\/www.bibliotecadeseguranca.com.br\/fr\/wp-json\/wp\/v2\/media\/19114"}],"wp:attachment":[{"href":"https:\/\/www.bibliotecadeseguranca.com.br\/fr\/wp-json\/wp\/v2\/media?parent=19113"}],"wp:term":[{"taxonomy":"category","embeddable":true,"href":"https:\/\/www.bibliotecadeseguranca.com.br\/fr\/wp-json\/wp\/v2\/categories?post=19113"},{"taxonomy":"post_tag","embeddable":true,"href":"https:\/\/www.bibliotecadeseguranca.com.br\/fr\/wp-json\/wp\/v2\/tags?post=19113"}],"curies":[{"name":"wp","href":"https:\/\/api.w.org\/{rel}","templated":true}]}}