{"id":19058,"date":"2023-06-30T14:00:24","date_gmt":"2023-06-30T17:00:24","guid":{"rendered":"https:\/\/www.bibliotecadeseguranca.com.br\/fr\/?p=19058"},"modified":"2023-06-30T13:14:43","modified_gmt":"2023-06-30T16:14:43","slug":"les-relations-entre-letat-et-la-securite-privee","status":"publish","type":"post","link":"https:\/\/www.bibliotecadeseguranca.com.br\/fr\/livros\/les-relations-entre-letat-et-la-securite-privee\/","title":{"rendered":"Les relations entre l&#8217;Etat et la s\u00e9curit\u00e9 priv\u00e9e"},"content":{"rendered":"<p><span style=\"color: #003366;\"><strong><img loading=\"lazy\" decoding=\"async\" class=\"alignleft size-full wp-image-19059\" src=\"https:\/\/www.bibliotecadeseguranca.com.br\/fr\/wp-content\/uploads\/2023\/06\/les-relations-entre-letat-et-la-securite-privee.jpg\" alt=\"Les relations entre l'Etat et la s\u00e9curit\u00e9 priv\u00e9e\" width=\"145\" height=\"205\" srcset=\"https:\/\/www.bibliotecadeseguranca.com.br\/fr\/wp-content\/uploads\/2023\/06\/les-relations-entre-letat-et-la-securite-privee.jpg 145w, https:\/\/www.bibliotecadeseguranca.com.br\/fr\/wp-content\/uploads\/2023\/06\/les-relations-entre-letat-et-la-securite-privee-106x150.jpg 106w\" sizes=\"auto, (max-width: 145px) 100vw, 145px\" \/>Christophe Aubertin, Xavier Latour<\/strong><\/span><\/p>\n<p><span style=\"color: #003366;\"><strong>Maison d&#8217;\u00e9dition Mare &amp; Martin<\/strong><\/span><\/p>\n<p><span style=\"color: #003366;\"><strong>R\u00e9sum\u00e9:<\/strong><\/span> Il est inconcevable que l&#8217;\u00c9tat n&#8217;entretienne pas des relations \u00e9troites avec la s\u00e9curit\u00e9 priv\u00e9e. Le secteur priv\u00e9 contribue en effet \u00e0 la protection des personnes et des biens contre la d\u00e9linquance. Le l\u00e9gislateur vient de le confirmer en ins\u00e9rant desdispositions relatives \u00e0 la s\u00e9curit\u00e9 priv\u00e9e dans la loi \u00ab pour une s\u00e9curit\u00e9 globale pr\u00e9servant les libert\u00e9s \u00bb.<br \/>\nToutefois, ces relations n&#8217;ont pas toujours \u00e9t\u00e9 sereines. L&#8217;\u00c9tat et la s\u00e9curit\u00e9 priv\u00e9e sont certes des partenaires. Mais, en raison de la pr\u00e9\u00e9minence de la puissance publique, ils ne se trouvent pas sur un pied d&#8217;\u00e9galit\u00e9. En outre, les relations ont parfois \u00e9t\u00e9 troubl\u00e9es par des crises de d\u00e9fiance.<br \/>\nLa s\u00e9curit\u00e9 priv\u00e9e est aujourd&#8217;hui une profession r\u00e9glement\u00e9e soumise au contr\u00f4le d&#8217;un \u00e9tablissement public rattach\u00e9 au minist\u00e8re de l&#8217;Int\u00e9rieur. Les \u00e9tudes r\u00e9unies dans cet ouvrage consid\u00e8rent les forces et les faiblesses du dispositif actuel et envisagent ses perspectives d&#8217;\u00e9volution.<\/p>\n","protected":false},"excerpt":{"rendered":"<p>Christophe Aubertin, Xavier Latour Maison d&#8217;\u00e9dition Mare &amp; Martin R\u00e9sum\u00e9: Il est inconcevable que l&#8217;\u00c9tat n&#8217;entretienne pas des relations \u00e9troites avec la s\u00e9curit\u00e9 priv\u00e9e. Le secteur priv\u00e9 contribue en effet \u00e0 la protection des personnes et des biens contre la d\u00e9linquance. Le l\u00e9gislateur vient de le confirmer en ins\u00e9rant desdispositions relatives \u00e0 la s\u00e9curit\u00e9 priv\u00e9e dans la loi \u00ab pour une s\u00e9curit\u00e9 globale pr\u00e9servant les libert\u00e9s \u00bb. Toutefois, ces relations&hellip; <\/p>\n","protected":false},"author":3,"featured_media":19059,"comment_status":"open","ping_status":"closed","sticky":false,"template":"","format":"standard","meta":{"footnotes":""},"categories":[109,23,6,25],"tags":[],"class_list":["post-19058","post","type-post","status-publish","format-standard","has-post-thumbnail","hentry","category-francais","category-gestao-da-seguranca-empresarial","category-livros","category-seguranca-publica-e-defesa"],"views":98,"_links":{"self":[{"href":"https:\/\/www.bibliotecadeseguranca.com.br\/fr\/wp-json\/wp\/v2\/posts\/19058","targetHints":{"allow":["GET"]}}],"collection":[{"href":"https:\/\/www.bibliotecadeseguranca.com.br\/fr\/wp-json\/wp\/v2\/posts"}],"about":[{"href":"https:\/\/www.bibliotecadeseguranca.com.br\/fr\/wp-json\/wp\/v2\/types\/post"}],"author":[{"embeddable":true,"href":"https:\/\/www.bibliotecadeseguranca.com.br\/fr\/wp-json\/wp\/v2\/users\/3"}],"replies":[{"embeddable":true,"href":"https:\/\/www.bibliotecadeseguranca.com.br\/fr\/wp-json\/wp\/v2\/comments?post=19058"}],"version-history":[{"count":1,"href":"https:\/\/www.bibliotecadeseguranca.com.br\/fr\/wp-json\/wp\/v2\/posts\/19058\/revisions"}],"predecessor-version":[{"id":19060,"href":"https:\/\/www.bibliotecadeseguranca.com.br\/fr\/wp-json\/wp\/v2\/posts\/19058\/revisions\/19060"}],"wp:featuredmedia":[{"embeddable":true,"href":"https:\/\/www.bibliotecadeseguranca.com.br\/fr\/wp-json\/wp\/v2\/media\/19059"}],"wp:attachment":[{"href":"https:\/\/www.bibliotecadeseguranca.com.br\/fr\/wp-json\/wp\/v2\/media?parent=19058"}],"wp:term":[{"taxonomy":"category","embeddable":true,"href":"https:\/\/www.bibliotecadeseguranca.com.br\/fr\/wp-json\/wp\/v2\/categories?post=19058"},{"taxonomy":"post_tag","embeddable":true,"href":"https:\/\/www.bibliotecadeseguranca.com.br\/fr\/wp-json\/wp\/v2\/tags?post=19058"}],"curies":[{"name":"wp","href":"https:\/\/api.w.org\/{rel}","templated":true}]}}