{"id":19048,"date":"2023-06-26T14:00:56","date_gmt":"2023-06-26T17:00:56","guid":{"rendered":"https:\/\/www.bibliotecadeseguranca.com.br\/fr\/?p=19048"},"modified":"2023-06-26T13:27:11","modified_gmt":"2023-06-26T16:27:11","slug":"gestao-da-seguranca-corporativa","status":"publish","type":"post","link":"https:\/\/www.bibliotecadeseguranca.com.br\/fr\/livros\/gestao-da-seguranca-corporativa\/","title":{"rendered":"Gest\u00e3o da Seguran\u00e7a Corporativa"},"content":{"rendered":"<p><span style=\"color: #003366;\"><strong><img loading=\"lazy\" decoding=\"async\" class=\"alignleft size-full wp-image-19049\" src=\"https:\/\/www.bibliotecadeseguranca.com.br\/fr\/wp-content\/uploads\/2023\/06\/gestao-da-seguranca-corporativa.jpg\" alt=\"Gest\u00e3o da Seguran\u00e7a Corporativa\" width=\"145\" height=\"205\" srcset=\"https:\/\/www.bibliotecadeseguranca.com.br\/fr\/wp-content\/uploads\/2023\/06\/gestao-da-seguranca-corporativa.jpg 145w, https:\/\/www.bibliotecadeseguranca.com.br\/fr\/wp-content\/uploads\/2023\/06\/gestao-da-seguranca-corporativa-106x150.jpg 106w\" sizes=\"auto, (max-width: 145px) 100vw, 145px\" \/>Carlos Aberto K\u00f6hler<\/strong><\/span><\/p>\n<p><span style=\"color: #003366;\"><strong>Maison d&#8217;\u00e9dition Sicurezza<\/strong><\/span><\/p>\n<p><span style=\"color: #003366;\"><strong>R\u00e9sum\u00e9:<\/strong><\/span> Onde a Gest\u00e3o da Seguran\u00e7a Corporativa se encontra no organograma de uma empresa? Qual a fun\u00e7\u00e3o dela? Como ela ajuda a alcan\u00e7ar os resultados das metas estrat\u00e9gicas?<br \/>\nEste livro aborda a Gest\u00e3o de Seguran\u00e7a Corporativa em uma empresa qualquer e tamb\u00e9m a forma de gest\u00e3o de uma empresa de Seguran\u00e7a Corporativa Privada contratada para o fornecimento de \u201cseguran\u00e7a\u201d. Cabe uma observa\u00e7\u00e3o muito importante nos termos \u201ccontratada para o fornecimento de seguran\u00e7a\u201d, pois muitas corpora\u00e7\u00f5es, pela falta de conhecimento, contratam uma empresa de vigil\u00e2ncia e esperam que ela resolva seus problemas de inseguran\u00e7a, por\u00e9m n\u00e3o sabem que vigil\u00e2ncia \u00e9 um dos mitigadores dentro de tantos outros que existem. Assim sendo, cabe ao gestor defini-las atrav\u00e9s de um Plano de Seguran\u00e7a, como vamos ver mais adiante na Gest\u00e3o de Seguran\u00e7a Corporativa.<\/p>\n","protected":false},"excerpt":{"rendered":"<p>Carlos Aberto K\u00f6hler Maison d&#8217;\u00e9dition Sicurezza R\u00e9sum\u00e9: Onde a Gest\u00e3o da Seguran\u00e7a Corporativa se encontra no organograma de uma empresa? Qual a fun\u00e7\u00e3o dela? Como ela ajuda a alcan\u00e7ar os resultados das metas estrat\u00e9gicas? Este livro aborda a Gest\u00e3o de Seguran\u00e7a Corporativa em uma empresa qualquer e tamb\u00e9m a forma de gest\u00e3o de uma empresa de Seguran\u00e7a Corporativa Privada contratada para o fornecimento de \u201cseguran\u00e7a\u201d. Cabe uma observa\u00e7\u00e3o muito importante&hellip; <\/p>\n","protected":false},"author":3,"featured_media":19049,"comment_status":"open","ping_status":"closed","sticky":false,"template":"","format":"standard","meta":{"footnotes":""},"categories":[23,6],"tags":[],"class_list":["post-19048","post","type-post","status-publish","format-standard","has-post-thumbnail","hentry","category-gestao-da-seguranca-empresarial","category-livros"],"views":135,"_links":{"self":[{"href":"https:\/\/www.bibliotecadeseguranca.com.br\/fr\/wp-json\/wp\/v2\/posts\/19048","targetHints":{"allow":["GET"]}}],"collection":[{"href":"https:\/\/www.bibliotecadeseguranca.com.br\/fr\/wp-json\/wp\/v2\/posts"}],"about":[{"href":"https:\/\/www.bibliotecadeseguranca.com.br\/fr\/wp-json\/wp\/v2\/types\/post"}],"author":[{"embeddable":true,"href":"https:\/\/www.bibliotecadeseguranca.com.br\/fr\/wp-json\/wp\/v2\/users\/3"}],"replies":[{"embeddable":true,"href":"https:\/\/www.bibliotecadeseguranca.com.br\/fr\/wp-json\/wp\/v2\/comments?post=19048"}],"version-history":[{"count":1,"href":"https:\/\/www.bibliotecadeseguranca.com.br\/fr\/wp-json\/wp\/v2\/posts\/19048\/revisions"}],"predecessor-version":[{"id":19050,"href":"https:\/\/www.bibliotecadeseguranca.com.br\/fr\/wp-json\/wp\/v2\/posts\/19048\/revisions\/19050"}],"wp:featuredmedia":[{"embeddable":true,"href":"https:\/\/www.bibliotecadeseguranca.com.br\/fr\/wp-json\/wp\/v2\/media\/19049"}],"wp:attachment":[{"href":"https:\/\/www.bibliotecadeseguranca.com.br\/fr\/wp-json\/wp\/v2\/media?parent=19048"}],"wp:term":[{"taxonomy":"category","embeddable":true,"href":"https:\/\/www.bibliotecadeseguranca.com.br\/fr\/wp-json\/wp\/v2\/categories?post=19048"},{"taxonomy":"post_tag","embeddable":true,"href":"https:\/\/www.bibliotecadeseguranca.com.br\/fr\/wp-json\/wp\/v2\/tags?post=19048"}],"curies":[{"name":"wp","href":"https:\/\/api.w.org\/{rel}","templated":true}]}}