{"id":19016,"date":"2023-06-12T14:00:41","date_gmt":"2023-06-12T17:00:41","guid":{"rendered":"https:\/\/www.bibliotecadeseguranca.com.br\/fr\/?p=19016"},"modified":"2023-06-12T12:49:40","modified_gmt":"2023-06-12T15:49:40","slug":"prevencao-a-criminalidade","status":"publish","type":"post","link":"https:\/\/www.bibliotecadeseguranca.com.br\/fr\/livros\/prevencao-a-criminalidade\/","title":{"rendered":"Preven\u00e7\u00e3o \u00e0 Criminalidade"},"content":{"rendered":"<p><span style=\"color: #003366;\"><strong><img loading=\"lazy\" decoding=\"async\" class=\"alignleft size-full wp-image-19017\" src=\"https:\/\/www.bibliotecadeseguranca.com.br\/fr\/wp-content\/uploads\/2023\/06\/prevencao-a-criminalidade.jpg\" alt=\"Preven\u00e7\u00e3o \u00e0 Criminalidade\" width=\"145\" height=\"205\" srcset=\"https:\/\/www.bibliotecadeseguranca.com.br\/fr\/wp-content\/uploads\/2023\/06\/prevencao-a-criminalidade.jpg 145w, https:\/\/www.bibliotecadeseguranca.com.br\/fr\/wp-content\/uploads\/2023\/06\/prevencao-a-criminalidade-106x150.jpg 106w\" sizes=\"auto, (max-width: 145px) 100vw, 145px\" \/>M\u00e1rcio Bonesso<\/strong><\/span><\/p>\n<p><span style=\"color: #003366;\"><strong>Maison d&#8217;\u00e9dition Appris<\/strong><\/span><\/p>\n<p><span style=\"color: #003366;\"><strong>R\u00e9sum\u00e9:<\/strong><\/span> O livro Preven\u00e7\u00e3o \u00e0 criminalidade: arte e esporte na seguran\u00e7a p\u00fablica em Minas Gerais deseja interpretar como as pol\u00edticas de seguran\u00e7a p\u00fablica criadas por cientistas sociais, pol\u00edticos e militares na capital mineira foram implementadas na cidade de Uberl\u00e2ndia. Utilizando multifacetados recursos metodol\u00f3gicos \u2013 dados estat\u00edsticos, mapas criminol\u00f3gicos, estudos etnogr\u00e1ficos, pesquisas bibliogr\u00e1ficas \u2013, a obra constata que a expans\u00e3o, sobretudo do eixo da preven\u00e7\u00e3o \u00e0 criminalidade, para as cidades do interior ocorreu de forma homeop\u00e1tica e com \u00eanfase no aspecto do policiamento de repress\u00e3o qualificada face ao campo da prote\u00e7\u00e3o social. A partir desse enfoque, pode-se constatar que, ao mesmo tempo, a unidade federativa mineira foi inovadora em estrat\u00e9gias de preven\u00e7\u00e3o \u00e0 criminalidade, mas seguiu a tend\u00eancia das pr\u00e1ticas de encarceramento massivo e de morte violenta da popula\u00e7\u00e3o juvenil negra, confirmando uma administra\u00e7\u00e3o do crime cuja tend\u00eancia inova e reproduz o racismo institucional brasileiro. \u00c9 nesse universo que se observam as pr\u00e1ticas art\u00edsticas e esportivas das oficinas de preven\u00e7\u00e3o \u00e0 criminalidade. Como base para tal investiga\u00e7\u00e3o, esses jogos de performances foram tomados em tr\u00e2nsito: entre situa\u00e7\u00f5es microssociol\u00f3gicas, voltadas para a preven\u00e7\u00e3o \u00e0 criminalidade, e macrossociol\u00f3gicas, voltadas para as pol\u00edticas de seguran\u00e7a p\u00fablica e seu impacto na popula\u00e7\u00e3o local. Ironicamente, no caso estudado, as fileiras do sucesso e da efic\u00e1cia est\u00e3o nas franjas da institucionaliza\u00e7\u00e3o do campo da prote\u00e7\u00e3o social.<\/p>\n","protected":false},"excerpt":{"rendered":"<p>M\u00e1rcio Bonesso Maison d&#8217;\u00e9dition Appris R\u00e9sum\u00e9: O livro Preven\u00e7\u00e3o \u00e0 criminalidade: arte e esporte na seguran\u00e7a p\u00fablica em Minas Gerais deseja interpretar como as pol\u00edticas de seguran\u00e7a p\u00fablica criadas por cientistas sociais, pol\u00edticos e militares na capital mineira foram implementadas na cidade de Uberl\u00e2ndia. Utilizando multifacetados recursos metodol\u00f3gicos \u2013 dados estat\u00edsticos, mapas criminol\u00f3gicos, estudos etnogr\u00e1ficos, pesquisas bibliogr\u00e1ficas \u2013, a obra constata que a expans\u00e3o, sobretudo do eixo da preven\u00e7\u00e3o \u00e0&hellip; <\/p>\n","protected":false},"author":3,"featured_media":19017,"comment_status":"open","ping_status":"closed","sticky":false,"template":"","format":"standard","meta":{"footnotes":""},"categories":[10,6,25],"tags":[],"class_list":["post-19016","post","type-post","status-publish","format-standard","has-post-thumbnail","hentry","category-crime-violencia-e-criminologia","category-livros","category-seguranca-publica-e-defesa"],"views":93,"_links":{"self":[{"href":"https:\/\/www.bibliotecadeseguranca.com.br\/fr\/wp-json\/wp\/v2\/posts\/19016","targetHints":{"allow":["GET"]}}],"collection":[{"href":"https:\/\/www.bibliotecadeseguranca.com.br\/fr\/wp-json\/wp\/v2\/posts"}],"about":[{"href":"https:\/\/www.bibliotecadeseguranca.com.br\/fr\/wp-json\/wp\/v2\/types\/post"}],"author":[{"embeddable":true,"href":"https:\/\/www.bibliotecadeseguranca.com.br\/fr\/wp-json\/wp\/v2\/users\/3"}],"replies":[{"embeddable":true,"href":"https:\/\/www.bibliotecadeseguranca.com.br\/fr\/wp-json\/wp\/v2\/comments?post=19016"}],"version-history":[{"count":1,"href":"https:\/\/www.bibliotecadeseguranca.com.br\/fr\/wp-json\/wp\/v2\/posts\/19016\/revisions"}],"predecessor-version":[{"id":19018,"href":"https:\/\/www.bibliotecadeseguranca.com.br\/fr\/wp-json\/wp\/v2\/posts\/19016\/revisions\/19018"}],"wp:featuredmedia":[{"embeddable":true,"href":"https:\/\/www.bibliotecadeseguranca.com.br\/fr\/wp-json\/wp\/v2\/media\/19017"}],"wp:attachment":[{"href":"https:\/\/www.bibliotecadeseguranca.com.br\/fr\/wp-json\/wp\/v2\/media?parent=19016"}],"wp:term":[{"taxonomy":"category","embeddable":true,"href":"https:\/\/www.bibliotecadeseguranca.com.br\/fr\/wp-json\/wp\/v2\/categories?post=19016"},{"taxonomy":"post_tag","embeddable":true,"href":"https:\/\/www.bibliotecadeseguranca.com.br\/fr\/wp-json\/wp\/v2\/tags?post=19016"}],"curies":[{"name":"wp","href":"https:\/\/api.w.org\/{rel}","templated":true}]}}