{"id":19009,"date":"2023-06-09T14:00:14","date_gmt":"2023-06-09T17:00:14","guid":{"rendered":"https:\/\/www.bibliotecadeseguranca.com.br\/fr\/?p=19009"},"modified":"2023-06-09T13:49:03","modified_gmt":"2023-06-09T16:49:03","slug":"dun-continuum-de-securite-vers-une-securite-globale","status":"publish","type":"post","link":"https:\/\/www.bibliotecadeseguranca.com.br\/fr\/livros\/dun-continuum-de-securite-vers-une-securite-globale\/","title":{"rendered":"D&#8217;Un Continuum de S\u00e9curit\u00e9 vers une S\u00e9curit\u00e9 Globale"},"content":{"rendered":"<p><span style=\"color: #003366;\"><strong><img loading=\"lazy\" decoding=\"async\" class=\"alignleft size-full wp-image-19010\" src=\"https:\/\/www.bibliotecadeseguranca.com.br\/fr\/wp-content\/uploads\/2023\/06\/dun-continuum-de-securite-vers-une-securite-globale.jpg\" alt=\"D'Un Continuum de S\u00e9curit\u00e9 vers une S\u00e9curit\u00e9 Globale\" width=\"145\" height=\"205\" srcset=\"https:\/\/www.bibliotecadeseguranca.com.br\/fr\/wp-content\/uploads\/2023\/06\/dun-continuum-de-securite-vers-une-securite-globale.jpg 145w, https:\/\/www.bibliotecadeseguranca.com.br\/fr\/wp-content\/uploads\/2023\/06\/dun-continuum-de-securite-vers-une-securite-globale-106x150.jpg 106w\" sizes=\"auto, (max-width: 145px) 100vw, 145px\" \/>Jean-Michel Fauvergue, Alice Thourot<\/strong><\/span><\/p>\n<p><span style=\"color: #003366;\"><strong>R\u00e9sum\u00e9:<\/strong><\/span> Chaque jour, pr\u00e8s de 250 000 personnels composant les forces de s\u00e9curit\u00e9 de l\u2019\u00c9tat agissent pour s\u00e9curiser les Fran\u00e7ais et le territoire national. Qu\u2019ils soient policiers ou gendarmes nationaux, ils ont tous \u00e0 c\u0153ur de remplir leurs missions : prot\u00e9ger nos concitoyens, \u00eatre au plus pr\u00e8s du terrain, mais aussi lutter contre la menace terroriste qui demeure une r\u00e9alit\u00e9 \u00e0 laquelle ils sont confront\u00e9s en permanence.<br \/>\nToutefois, ils ne sont pas les seuls \u00e0 exercer dans le domaine de la s\u00e9curit\u00e9 et de la s\u00fbret\u00e9. En effet, pr\u00e8s de 21 500 policiers municipaux et plus de 165 000 agents priv\u00e9s de s\u00e9curit\u00e9 ont rejoint ce secteur.<br \/>\nSi l\u2019on peut l\u00e9gitimement compter plus de 430 000 personnels qui sont mobilis\u00e9s pour assurer des fonctions de s\u00e9curit\u00e9, il ne s\u2019agit pas de les confondre, moins encore de penser qu\u2019ils sont interchangeables. Chacun a son p\u00e9rim\u00e8tre de comp\u00e9tence, chacun a son registre d\u2019intervention. N\u00e9anmoins, sur le terrain, toutes ces forces \u00e9changent et coop\u00e8rent entre elles. Leur articulation et les conditions de leur collaboration contribuent \u00e0 la qualit\u00e9 de la coproduction de s\u00e9curit\u00e9, dans le cadre d\u2019un \u00ab continuum de s\u00e9curit\u00e9 \u00bb dont la mission avait \u00e0 d\u00e9finir les contours et les r\u00e8gles. Cependant, au concept de continuum, la mission privil\u00e9gie celui de \u00ab s\u00e9curit\u00e9 globale \u00bb, qui correspond mieux d\u2019apr\u00e8s elle \u00e0 l\u2019id\u00e9e d\u2019une participation de tous \u00e0 la construction et \u00e0 la mise en \u0153uvre d\u2019un dispositif o\u00f9 chacun est mobilis\u00e9 en vue de l\u2019objectif commun.<\/p>\n<p><a href=\"https:\/\/www.bibliotecadeseguranca.com.br\/wp-content\/uploads\/2023\/06\/dun-continuum-de-securite-vers-une-securite-globale.pdf\" target=\"_blank\" rel=\"noopener\"><img loading=\"lazy\" decoding=\"async\" class=\"alignleft wp-image-12143 size-full\" src=\"https:\/\/www.bibliotecadeseguranca.com.br\/fr\/wp-content\/uploads\/2015\/03\/download_fr.gif\" alt=\"T\u00e9l\u00e9charger\" width=\"107\" height=\"25\" \/><\/a><\/p>\n","protected":false},"excerpt":{"rendered":"<p>Jean-Michel Fauvergue, Alice Thourot R\u00e9sum\u00e9: Chaque jour, pr\u00e8s de 250 000 personnels composant les forces de s\u00e9curit\u00e9 de l\u2019\u00c9tat agissent pour s\u00e9curiser les Fran\u00e7ais et le territoire national. Qu\u2019ils soient policiers ou gendarmes nationaux, ils ont tous \u00e0 c\u0153ur de remplir leurs missions : prot\u00e9ger nos concitoyens, \u00eatre au plus pr\u00e8s du terrain, mais aussi lutter contre la menace terroriste qui demeure une r\u00e9alit\u00e9 \u00e0 laquelle ils sont confront\u00e9s en&hellip; <\/p>\n","protected":false},"author":3,"featured_media":19010,"comment_status":"open","ping_status":"closed","sticky":false,"template":"","format":"standard","meta":{"footnotes":""},"categories":[109,6,25,112],"tags":[],"class_list":["post-19009","post","type-post","status-publish","format-standard","has-post-thumbnail","hentry","category-francais","category-livros","category-seguranca-publica-e-defesa","category-download"],"views":107,"_links":{"self":[{"href":"https:\/\/www.bibliotecadeseguranca.com.br\/fr\/wp-json\/wp\/v2\/posts\/19009","targetHints":{"allow":["GET"]}}],"collection":[{"href":"https:\/\/www.bibliotecadeseguranca.com.br\/fr\/wp-json\/wp\/v2\/posts"}],"about":[{"href":"https:\/\/www.bibliotecadeseguranca.com.br\/fr\/wp-json\/wp\/v2\/types\/post"}],"author":[{"embeddable":true,"href":"https:\/\/www.bibliotecadeseguranca.com.br\/fr\/wp-json\/wp\/v2\/users\/3"}],"replies":[{"embeddable":true,"href":"https:\/\/www.bibliotecadeseguranca.com.br\/fr\/wp-json\/wp\/v2\/comments?post=19009"}],"version-history":[{"count":1,"href":"https:\/\/www.bibliotecadeseguranca.com.br\/fr\/wp-json\/wp\/v2\/posts\/19009\/revisions"}],"predecessor-version":[{"id":19011,"href":"https:\/\/www.bibliotecadeseguranca.com.br\/fr\/wp-json\/wp\/v2\/posts\/19009\/revisions\/19011"}],"wp:featuredmedia":[{"embeddable":true,"href":"https:\/\/www.bibliotecadeseguranca.com.br\/fr\/wp-json\/wp\/v2\/media\/19010"}],"wp:attachment":[{"href":"https:\/\/www.bibliotecadeseguranca.com.br\/fr\/wp-json\/wp\/v2\/media?parent=19009"}],"wp:term":[{"taxonomy":"category","embeddable":true,"href":"https:\/\/www.bibliotecadeseguranca.com.br\/fr\/wp-json\/wp\/v2\/categories?post=19009"},{"taxonomy":"post_tag","embeddable":true,"href":"https:\/\/www.bibliotecadeseguranca.com.br\/fr\/wp-json\/wp\/v2\/tags?post=19009"}],"curies":[{"name":"wp","href":"https:\/\/api.w.org\/{rel}","templated":true}]}}