{"id":19006,"date":"2023-06-08T14:00:02","date_gmt":"2023-06-08T17:00:02","guid":{"rendered":"https:\/\/www.bibliotecadeseguranca.com.br\/fr\/?p=19006"},"modified":"2023-06-08T13:30:26","modified_gmt":"2023-06-08T16:30:26","slug":"capacitacion-en-derechos-humanos-para-agentes-de-seguridad-privada-en-el-peru","status":"publish","type":"post","link":"https:\/\/www.bibliotecadeseguranca.com.br\/fr\/livros\/capacitacion-en-derechos-humanos-para-agentes-de-seguridad-privada-en-el-peru\/","title":{"rendered":"Capacitaci\u00f3n en Derechos Humanos para Agentes de Seguridad Privada en el Per\u00fa"},"content":{"rendered":"<p><span style=\"color: #003366;\"><strong><img loading=\"lazy\" decoding=\"async\" class=\"alignleft size-full wp-image-19007\" src=\"https:\/\/www.bibliotecadeseguranca.com.br\/fr\/wp-content\/uploads\/2023\/06\/capacitacion-en-derechos-humanos-para-agentes-de-seguridad-privada-en-el-peru.jpg\" alt=\"Capacitaci\u00f3n en Derechos Humanos para Agentes de Seguridad Privada en el Per\u00fa\" width=\"145\" height=\"205\" srcset=\"https:\/\/www.bibliotecadeseguranca.com.br\/fr\/wp-content\/uploads\/2023\/06\/capacitacion-en-derechos-humanos-para-agentes-de-seguridad-privada-en-el-peru.jpg 145w, https:\/\/www.bibliotecadeseguranca.com.br\/fr\/wp-content\/uploads\/2023\/06\/capacitacion-en-derechos-humanos-para-agentes-de-seguridad-privada-en-el-peru-106x150.jpg 106w\" sizes=\"auto, (max-width: 145px) 100vw, 145px\" \/>Pontificia Universidad Cat\u00f3lica del Per\u00fa &#8211; IDEHPUCP<\/strong><\/span><\/p>\n<p><span style=\"color: #003366;\"><strong>R\u00e9sum\u00e9:<\/strong><\/span> Este diagn\u00f3stico es un estudio exploratorio que busca recopilar informaci\u00f3n sobre la situaci\u00f3n de la capacitaci\u00f3n en derechos humanos del personal de seguridad privada en el Per\u00fa, con \u00e9nfasis en la evaluaci\u00f3n de la propuesta del plan de estudio certificado por el Estado peruano.<br \/>\nLa actividad de la seguridad privada tiene un impacto directo en la protecci\u00f3n efectiva de los derechos humanos ya que implica una constante interrelaci\u00f3n con terceros; por ello, debe estar guiada por c\u00f3digos de conducta respetuosos de los est\u00e1ndares internacionales y que reafirmen los contenidos b\u00e1sicos de los Principios Rectores sobre las Empresas y los Derechos Humanos de las Naciones Unidas y los Principios Voluntarios de Seguridad y Derechos Humanos.<br \/>\nEn relaci\u00f3n con la capacitaci\u00f3n del personal de seguridad privada, esta incide directamente en la calidad de los servicios del rubro. Por un lado, contribuye a la satisfacci\u00f3n y a la rentabilidad de los usuarios de estos servicios y, adem\u00e1s, cuando es impartida adecuadamente, coadyuva a que los agentes ejerzan su trabajo respetando y ayudando a garantizar los derechos humanos y a que colaboren con los agentes p\u00fablicos encargados de la seguridad ciudadana. De esa manera, las herramientas y las metodolog\u00edas de capacitaci\u00f3n en este sector deben ser espec\u00edficas y din\u00e1micas, ya que deben permitir que el personal de seguridad privada cuente con conocimientos para responder, espec\u00edficamente, a las necesidades y a las problem\u00e1ticas que le son inherentes, las que pueden ir variando a lo largo del tiempo.<\/p>\n<p><a href=\"https:\/\/www.bibliotecadeseguranca.com.br\/wp-content\/uploads\/2023\/06\/capacitacion-en-derechos-humanos-para-agentes-de-seguridad-privada-en-el-peru.pdf\" target=\"_blank\" rel=\"noopener\"><img loading=\"lazy\" decoding=\"async\" class=\"alignleft wp-image-12143 size-full\" src=\"https:\/\/www.bibliotecadeseguranca.com.br\/fr\/wp-content\/uploads\/2015\/03\/download_fr.gif\" alt=\"T\u00e9l\u00e9charger\" width=\"107\" height=\"25\" \/><\/a><\/p>\n","protected":false},"excerpt":{"rendered":"<p>Pontificia Universidad Cat\u00f3lica del Per\u00fa &#8211; IDEHPUCP R\u00e9sum\u00e9: Este diagn\u00f3stico es un estudio exploratorio que busca recopilar informaci\u00f3n sobre la situaci\u00f3n de la capacitaci\u00f3n en derechos humanos del personal de seguridad privada en el Per\u00fa, con \u00e9nfasis en la evaluaci\u00f3n de la propuesta del plan de estudio certificado por el Estado peruano. La actividad de la seguridad privada tiene un impacto directo en la protecci\u00f3n efectiva de los derechos humanos&hellip; <\/p>\n","protected":false},"author":3,"featured_media":19007,"comment_status":"open","ping_status":"closed","sticky":false,"template":"","format":"standard","meta":{"footnotes":""},"categories":[81,23,6,112],"tags":[],"class_list":["post-19006","post","type-post","status-publish","format-standard","has-post-thumbnail","hentry","category-espanol","category-gestao-da-seguranca-empresarial","category-livros","category-download"],"views":196,"_links":{"self":[{"href":"https:\/\/www.bibliotecadeseguranca.com.br\/fr\/wp-json\/wp\/v2\/posts\/19006","targetHints":{"allow":["GET"]}}],"collection":[{"href":"https:\/\/www.bibliotecadeseguranca.com.br\/fr\/wp-json\/wp\/v2\/posts"}],"about":[{"href":"https:\/\/www.bibliotecadeseguranca.com.br\/fr\/wp-json\/wp\/v2\/types\/post"}],"author":[{"embeddable":true,"href":"https:\/\/www.bibliotecadeseguranca.com.br\/fr\/wp-json\/wp\/v2\/users\/3"}],"replies":[{"embeddable":true,"href":"https:\/\/www.bibliotecadeseguranca.com.br\/fr\/wp-json\/wp\/v2\/comments?post=19006"}],"version-history":[{"count":1,"href":"https:\/\/www.bibliotecadeseguranca.com.br\/fr\/wp-json\/wp\/v2\/posts\/19006\/revisions"}],"predecessor-version":[{"id":19008,"href":"https:\/\/www.bibliotecadeseguranca.com.br\/fr\/wp-json\/wp\/v2\/posts\/19006\/revisions\/19008"}],"wp:featuredmedia":[{"embeddable":true,"href":"https:\/\/www.bibliotecadeseguranca.com.br\/fr\/wp-json\/wp\/v2\/media\/19007"}],"wp:attachment":[{"href":"https:\/\/www.bibliotecadeseguranca.com.br\/fr\/wp-json\/wp\/v2\/media?parent=19006"}],"wp:term":[{"taxonomy":"category","embeddable":true,"href":"https:\/\/www.bibliotecadeseguranca.com.br\/fr\/wp-json\/wp\/v2\/categories?post=19006"},{"taxonomy":"post_tag","embeddable":true,"href":"https:\/\/www.bibliotecadeseguranca.com.br\/fr\/wp-json\/wp\/v2\/tags?post=19006"}],"curies":[{"name":"wp","href":"https:\/\/api.w.org\/{rel}","templated":true}]}}