{"id":18990,"date":"2023-06-01T14:00:03","date_gmt":"2023-06-01T17:00:03","guid":{"rendered":"https:\/\/www.bibliotecadeseguranca.com.br\/fr\/?p=18990"},"modified":"2023-06-01T12:53:58","modified_gmt":"2023-06-01T15:53:58","slug":"les-aspects-internationaux-de-la-securite-privee","status":"publish","type":"post","link":"https:\/\/www.bibliotecadeseguranca.com.br\/fr\/livros\/les-aspects-internationaux-de-la-securite-privee\/","title":{"rendered":"Les Aspects Internationaux de la S\u00e9curit\u00e9 Priv\u00e9e"},"content":{"rendered":"<p><span style=\"color: #003366;\"><strong><img loading=\"lazy\" decoding=\"async\" class=\"alignleft size-full wp-image-18991\" src=\"https:\/\/www.bibliotecadeseguranca.com.br\/fr\/wp-content\/uploads\/2023\/06\/les-aspects-internationaux-de-la-securite-privee.jpg\" alt=\"Les Aspects Internationaux de la S\u00e9curit\u00e9 Priv\u00e9e\" width=\"145\" height=\"219\" srcset=\"https:\/\/www.bibliotecadeseguranca.com.br\/fr\/wp-content\/uploads\/2023\/06\/les-aspects-internationaux-de-la-securite-privee.jpg 145w, https:\/\/www.bibliotecadeseguranca.com.br\/fr\/wp-content\/uploads\/2023\/06\/les-aspects-internationaux-de-la-securite-privee-99x150.jpg 99w\" sizes=\"auto, (max-width: 145px) 100vw, 145px\" \/>Xavier Latour, Christophe Aubertin<\/strong><\/span><\/p>\n<p><span style=\"color: #003366;\"><strong>Maison d&#8217;\u00e9dition Mare &amp; Martin<\/strong><\/span><\/p>\n<p><span style=\"color: #003366;\"><strong>R\u00e9sum\u00e9:<\/strong><\/span> La s\u00e9curit\u00e9 est de plus en plus marqu\u00e9e par son environnement international. L\u2019internationalisation des menaces implique l\u2019internationalisation des r\u00e9ponses. Ce qui est vrai pour les forces publiques, l\u2019est tout autant pour les activit\u00e9s priv\u00e9es de s\u00e9curit\u00e9.<br \/>\nMat\u00e9riellement et juridiquement, la s\u00e9curit\u00e9 priv\u00e9e \u00e9volue. Ses march\u00e9s se mondialisent aussi rapidement que les menaces se diversifient, en transcendant les fronti\u00e8res. Dans le m\u00eame temps, les normes d\u2019origine externe gagnent en influence. Pourtant, les aspects internationaux de la s\u00e9curit\u00e9 priv\u00e9e demeurent m\u00e9connus. Les tropismes nationaux perdurent.<br \/>\nEn \u00e9tant le r\u00e9sultat d\u2019une coop\u00e9ration \u00e9troite entre le Centre d\u2019\u00e9tudes et de recherche en droit administratif, constitutionnel, financier et fiscal (CERDACFF) de l\u2019Universit\u00e9 Nice Sophia-Antipolis et le Centre d\u2019\u00e9tudes et de recherche en droit des affaires et de gestion (CEDAG) de l\u2019Universit\u00e9 Paris Descartes, avec le soutien de l\u2019Alliance nationale des activit\u00e9s priv\u00e9es de s\u00e9curit\u00e9, de l\u2019Association fran\u00e7aise de droit de la s\u00e9curit\u00e9 et de la d\u00e9fense ainsi que du Centre de recherche de l\u2019Ecole des Officiers de la Gendarmerie nationale, les travaux du Colloque organis\u00e9 \u00e0 la Facult\u00e9 de droit de l\u2019Universit\u00e9 Paris Descartes replacent la s\u00e9curit\u00e9 priv\u00e9e au centre des pr\u00e9occupations li\u00e9es \u00e0 la mondialisation.<\/p>\n","protected":false},"excerpt":{"rendered":"<p>Xavier Latour, Christophe Aubertin Maison d&#8217;\u00e9dition Mare &amp; Martin R\u00e9sum\u00e9: La s\u00e9curit\u00e9 est de plus en plus marqu\u00e9e par son environnement international. L\u2019internationalisation des menaces implique l\u2019internationalisation des r\u00e9ponses. Ce qui est vrai pour les forces publiques, l\u2019est tout autant pour les activit\u00e9s priv\u00e9es de s\u00e9curit\u00e9. Mat\u00e9riellement et juridiquement, la s\u00e9curit\u00e9 priv\u00e9e \u00e9volue. Ses march\u00e9s se mondialisent aussi rapidement que les menaces se diversifient, en transcendant les fronti\u00e8res. Dans le&hellip; <\/p>\n","protected":false},"author":3,"featured_media":18991,"comment_status":"open","ping_status":"closed","sticky":false,"template":"","format":"standard","meta":{"footnotes":""},"categories":[109,23,6],"tags":[],"class_list":["post-18990","post","type-post","status-publish","format-standard","has-post-thumbnail","hentry","category-francais","category-gestao-da-seguranca-empresarial","category-livros"],"views":142,"_links":{"self":[{"href":"https:\/\/www.bibliotecadeseguranca.com.br\/fr\/wp-json\/wp\/v2\/posts\/18990","targetHints":{"allow":["GET"]}}],"collection":[{"href":"https:\/\/www.bibliotecadeseguranca.com.br\/fr\/wp-json\/wp\/v2\/posts"}],"about":[{"href":"https:\/\/www.bibliotecadeseguranca.com.br\/fr\/wp-json\/wp\/v2\/types\/post"}],"author":[{"embeddable":true,"href":"https:\/\/www.bibliotecadeseguranca.com.br\/fr\/wp-json\/wp\/v2\/users\/3"}],"replies":[{"embeddable":true,"href":"https:\/\/www.bibliotecadeseguranca.com.br\/fr\/wp-json\/wp\/v2\/comments?post=18990"}],"version-history":[{"count":1,"href":"https:\/\/www.bibliotecadeseguranca.com.br\/fr\/wp-json\/wp\/v2\/posts\/18990\/revisions"}],"predecessor-version":[{"id":18992,"href":"https:\/\/www.bibliotecadeseguranca.com.br\/fr\/wp-json\/wp\/v2\/posts\/18990\/revisions\/18992"}],"wp:featuredmedia":[{"embeddable":true,"href":"https:\/\/www.bibliotecadeseguranca.com.br\/fr\/wp-json\/wp\/v2\/media\/18991"}],"wp:attachment":[{"href":"https:\/\/www.bibliotecadeseguranca.com.br\/fr\/wp-json\/wp\/v2\/media?parent=18990"}],"wp:term":[{"taxonomy":"category","embeddable":true,"href":"https:\/\/www.bibliotecadeseguranca.com.br\/fr\/wp-json\/wp\/v2\/categories?post=18990"},{"taxonomy":"post_tag","embeddable":true,"href":"https:\/\/www.bibliotecadeseguranca.com.br\/fr\/wp-json\/wp\/v2\/tags?post=18990"}],"curies":[{"name":"wp","href":"https:\/\/api.w.org\/{rel}","templated":true}]}}