{"id":18961,"date":"2023-05-19T14:00:48","date_gmt":"2023-05-19T17:00:48","guid":{"rendered":"https:\/\/www.bibliotecadeseguranca.com.br\/fr\/?p=18961"},"modified":"2023-05-19T12:59:33","modified_gmt":"2023-05-19T15:59:33","slug":"vers-des-perimetres-de-securite","status":"publish","type":"post","link":"https:\/\/www.bibliotecadeseguranca.com.br\/fr\/livros\/vers-des-perimetres-de-securite\/","title":{"rendered":"Vers des p\u00e9rim\u00e8tres de s\u00e9curit\u00e9?"},"content":{"rendered":"<p><span style=\"color: #003366;\"><strong><img loading=\"lazy\" decoding=\"async\" class=\"alignleft size-full wp-image-18962\" src=\"https:\/\/www.bibliotecadeseguranca.com.br\/fr\/wp-content\/uploads\/2023\/05\/vers-des-perimetres-de-securite.jpg\" alt=\"Vers des p\u00e9rim\u00e8tres de s\u00e9curit\u00e9?\" width=\"145\" height=\"215\" srcset=\"https:\/\/www.bibliotecadeseguranca.com.br\/fr\/wp-content\/uploads\/2023\/05\/vers-des-perimetres-de-securite.jpg 145w, https:\/\/www.bibliotecadeseguranca.com.br\/fr\/wp-content\/uploads\/2023\/05\/vers-des-perimetres-de-securite-101x150.jpg 101w\" sizes=\"auto, (max-width: 145px) 100vw, 145px\" \/>Michel Fortmann, Alex Macleod, St\u00e9phane Roussel<\/strong><\/span><\/p>\n<p><span style=\"color: #003366;\"><strong>Maison d&#8217;\u00e9dition Ath\u00e9na<\/strong><\/span><\/p>\n<p><span style=\"color: #003366;\"><strong>R\u00e9sum\u00e9:<\/strong><\/span> L\u2019ouvrage est divis\u00e9 en deux parties. La premi\u00e8re traite des r\u00e9actions nord-am\u00e9ricaines aux \u00e9v\u00e9nements de 11 septembre et des caract\u00e9ristiques \u00e9mergentes de ce que certains nomment la \u00abforteresse de s\u00e9curit\u00e9\u00bb continentale. La seconde examine diff\u00e9rents aspects des efforts europ\u00e9ens pour r\u00e9aliser un espace de s\u00e9curit\u00e9 r\u00e9gional ainsi que l\u2019impact du 11 septembre sur les politiques de s\u00e9curit\u00e9 europ\u00e9ennes. Les auteurs traitent en succession des efforts r\u00e9gionaux faits dans le cadre de la lutte antiterroriste, des politiques migratoires et du contr\u00f4le des fronti\u00e8res. Le dernier chapitre compare les processus d\u2019int\u00e9gration s\u00e9curitaire en Europe et en Am\u00e9rique du Nord, afin d\u2019en d\u00e9terminer les implications pour le Canada.<\/p>\n","protected":false},"excerpt":{"rendered":"<p>Michel Fortmann, Alex Macleod, St\u00e9phane Roussel Maison d&#8217;\u00e9dition Ath\u00e9na R\u00e9sum\u00e9: L\u2019ouvrage est divis\u00e9 en deux parties. La premi\u00e8re traite des r\u00e9actions nord-am\u00e9ricaines aux \u00e9v\u00e9nements de 11 septembre et des caract\u00e9ristiques \u00e9mergentes de ce que certains nomment la \u00abforteresse de s\u00e9curit\u00e9\u00bb continentale. La seconde examine diff\u00e9rents aspects des efforts europ\u00e9ens pour r\u00e9aliser un espace de s\u00e9curit\u00e9 r\u00e9gional ainsi que l\u2019impact du 11 septembre sur les politiques de s\u00e9curit\u00e9 europ\u00e9ennes. Les auteurs&hellip; <\/p>\n","protected":false},"author":3,"featured_media":18962,"comment_status":"open","ping_status":"closed","sticky":false,"template":"","format":"standard","meta":{"footnotes":""},"categories":[109,6,25],"tags":[],"class_list":["post-18961","post","type-post","status-publish","format-standard","has-post-thumbnail","hentry","category-francais","category-livros","category-seguranca-publica-e-defesa"],"views":111,"_links":{"self":[{"href":"https:\/\/www.bibliotecadeseguranca.com.br\/fr\/wp-json\/wp\/v2\/posts\/18961","targetHints":{"allow":["GET"]}}],"collection":[{"href":"https:\/\/www.bibliotecadeseguranca.com.br\/fr\/wp-json\/wp\/v2\/posts"}],"about":[{"href":"https:\/\/www.bibliotecadeseguranca.com.br\/fr\/wp-json\/wp\/v2\/types\/post"}],"author":[{"embeddable":true,"href":"https:\/\/www.bibliotecadeseguranca.com.br\/fr\/wp-json\/wp\/v2\/users\/3"}],"replies":[{"embeddable":true,"href":"https:\/\/www.bibliotecadeseguranca.com.br\/fr\/wp-json\/wp\/v2\/comments?post=18961"}],"version-history":[{"count":1,"href":"https:\/\/www.bibliotecadeseguranca.com.br\/fr\/wp-json\/wp\/v2\/posts\/18961\/revisions"}],"predecessor-version":[{"id":18963,"href":"https:\/\/www.bibliotecadeseguranca.com.br\/fr\/wp-json\/wp\/v2\/posts\/18961\/revisions\/18963"}],"wp:featuredmedia":[{"embeddable":true,"href":"https:\/\/www.bibliotecadeseguranca.com.br\/fr\/wp-json\/wp\/v2\/media\/18962"}],"wp:attachment":[{"href":"https:\/\/www.bibliotecadeseguranca.com.br\/fr\/wp-json\/wp\/v2\/media?parent=18961"}],"wp:term":[{"taxonomy":"category","embeddable":true,"href":"https:\/\/www.bibliotecadeseguranca.com.br\/fr\/wp-json\/wp\/v2\/categories?post=18961"},{"taxonomy":"post_tag","embeddable":true,"href":"https:\/\/www.bibliotecadeseguranca.com.br\/fr\/wp-json\/wp\/v2\/tags?post=18961"}],"curies":[{"name":"wp","href":"https:\/\/api.w.org\/{rel}","templated":true}]}}