{"id":18951,"date":"2023-05-15T14:00:42","date_gmt":"2023-05-15T17:00:42","guid":{"rendered":"https:\/\/www.bibliotecadeseguranca.com.br\/fr\/?p=18951"},"modified":"2023-05-15T12:22:25","modified_gmt":"2023-05-15T15:22:25","slug":"mecanismos-de-governanca-em-politicas-de-seguranca-publica","status":"publish","type":"post","link":"https:\/\/www.bibliotecadeseguranca.com.br\/fr\/livros\/mecanismos-de-governanca-em-politicas-de-seguranca-publica\/","title":{"rendered":"Mecanismos de Governan\u00e7a em Pol\u00edticas de Seguran\u00e7a P\u00fablica"},"content":{"rendered":"<p><span style=\"color: #003366;\"><strong><img loading=\"lazy\" decoding=\"async\" class=\"alignleft size-full wp-image-18952\" src=\"https:\/\/www.bibliotecadeseguranca.com.br\/fr\/wp-content\/uploads\/2023\/05\/mecanismos-de-governanca-em-politicas-de-seguranca-publica.jpg\" alt=\"Mecanismos de Governan\u00e7a em Pol\u00edticas de Seguran\u00e7a P\u00fablica\" width=\"145\" height=\"215\" srcset=\"https:\/\/www.bibliotecadeseguranca.com.br\/fr\/wp-content\/uploads\/2023\/05\/mecanismos-de-governanca-em-politicas-de-seguranca-publica.jpg 145w, https:\/\/www.bibliotecadeseguranca.com.br\/fr\/wp-content\/uploads\/2023\/05\/mecanismos-de-governanca-em-politicas-de-seguranca-publica-101x150.jpg 101w\" sizes=\"auto, (max-width: 145px) 100vw, 145px\" \/>Genivaldo Costa<\/strong><\/span><\/p>\n<p><span style=\"color: #003366;\"><strong>Maison d&#8217;\u00e9dition Dial\u00e9tica<\/strong><\/span><\/p>\n<p><span style=\"color: #003366;\"><strong>R\u00e9sum\u00e9:<\/strong><\/span> Pol\u00edticas p\u00fablicas e governan\u00e7a p\u00fablica s\u00e3o temas intrinsecamente relacionados. Quando se aborda governan\u00e7a em pol\u00edticas p\u00fablicas, vem ainda \u00e0 tona outros elementos importantes, tais como gest\u00e3o, participa\u00e7\u00e3o social, transpar\u00eancia, responsabiliza\u00e7\u00e3o e presta\u00e7\u00e3o de contas (accountability), al\u00e9m dos seus mecanismos representados pela lideran\u00e7a, pela estrat\u00e9gia e pelo controle. Tais mecanismos (de governan\u00e7a) s\u00e3o elementos inerentes ao conceito de governan\u00e7a p\u00fablica adotado neste Estudo como um conjunto de mecanismos de lideran\u00e7a, estrat\u00e9gia e controle postos em pr\u00e1tica para avaliar os resultados, bem como direcionar e monitorar a atua\u00e7\u00e3o da gest\u00e3o, com vistas \u00e0 condu\u00e7\u00e3o de pol\u00edticas p\u00fablicas, cujas entregas devem estar a servi\u00e7o do interesse da sociedade. Quando se trata de pol\u00edticas de seguran\u00e7a p\u00fablica, a inser\u00e7\u00e3o da governan\u00e7a no ciclo da pol\u00edtica p\u00fablica \u00e9 imprescind\u00edvel pela natureza e especificidade da pr\u00f3pria pol\u00edtica, caracterizada por uma governan\u00e7a multin\u00edvel que busca uma atua\u00e7\u00e3o da Uni\u00e3o, dos Estados e dos Munic\u00edpios, de forma integrada, coordenada e sist\u00eamica. Espera-se que este estudo possa dar sua contribui\u00e7\u00e3o para o aprimoramento dos Planos Estaduais de Seguran\u00e7a P\u00fablica, al\u00e9m de propor um modelo de sistema de governan\u00e7a com a ado\u00e7\u00e3o de boas pr\u00e1ticas e em conson\u00e2ncia com os princ\u00edpios, as diretrizes e os objetivos do Plano Nacional de Seguran\u00e7a P\u00fablica e Defesa Social e da Pol\u00edtica Nacional de Seguran\u00e7a P\u00fablica e Defesa Social.<\/p>\n","protected":false},"excerpt":{"rendered":"<p>Genivaldo Costa Maison d&#8217;\u00e9dition Dial\u00e9tica R\u00e9sum\u00e9: Pol\u00edticas p\u00fablicas e governan\u00e7a p\u00fablica s\u00e3o temas intrinsecamente relacionados. Quando se aborda governan\u00e7a em pol\u00edticas p\u00fablicas, vem ainda \u00e0 tona outros elementos importantes, tais como gest\u00e3o, participa\u00e7\u00e3o social, transpar\u00eancia, responsabiliza\u00e7\u00e3o e presta\u00e7\u00e3o de contas (accountability), al\u00e9m dos seus mecanismos representados pela lideran\u00e7a, pela estrat\u00e9gia e pelo controle. Tais mecanismos (de governan\u00e7a) s\u00e3o elementos inerentes ao conceito de governan\u00e7a p\u00fablica adotado neste Estudo como um&hellip; <\/p>\n","protected":false},"author":3,"featured_media":18952,"comment_status":"open","ping_status":"closed","sticky":false,"template":"","format":"standard","meta":{"footnotes":""},"categories":[6,25],"tags":[],"class_list":["post-18951","post","type-post","status-publish","format-standard","has-post-thumbnail","hentry","category-livros","category-seguranca-publica-e-defesa"],"views":83,"_links":{"self":[{"href":"https:\/\/www.bibliotecadeseguranca.com.br\/fr\/wp-json\/wp\/v2\/posts\/18951","targetHints":{"allow":["GET"]}}],"collection":[{"href":"https:\/\/www.bibliotecadeseguranca.com.br\/fr\/wp-json\/wp\/v2\/posts"}],"about":[{"href":"https:\/\/www.bibliotecadeseguranca.com.br\/fr\/wp-json\/wp\/v2\/types\/post"}],"author":[{"embeddable":true,"href":"https:\/\/www.bibliotecadeseguranca.com.br\/fr\/wp-json\/wp\/v2\/users\/3"}],"replies":[{"embeddable":true,"href":"https:\/\/www.bibliotecadeseguranca.com.br\/fr\/wp-json\/wp\/v2\/comments?post=18951"}],"version-history":[{"count":1,"href":"https:\/\/www.bibliotecadeseguranca.com.br\/fr\/wp-json\/wp\/v2\/posts\/18951\/revisions"}],"predecessor-version":[{"id":18953,"href":"https:\/\/www.bibliotecadeseguranca.com.br\/fr\/wp-json\/wp\/v2\/posts\/18951\/revisions\/18953"}],"wp:featuredmedia":[{"embeddable":true,"href":"https:\/\/www.bibliotecadeseguranca.com.br\/fr\/wp-json\/wp\/v2\/media\/18952"}],"wp:attachment":[{"href":"https:\/\/www.bibliotecadeseguranca.com.br\/fr\/wp-json\/wp\/v2\/media?parent=18951"}],"wp:term":[{"taxonomy":"category","embeddable":true,"href":"https:\/\/www.bibliotecadeseguranca.com.br\/fr\/wp-json\/wp\/v2\/categories?post=18951"},{"taxonomy":"post_tag","embeddable":true,"href":"https:\/\/www.bibliotecadeseguranca.com.br\/fr\/wp-json\/wp\/v2\/tags?post=18951"}],"curies":[{"name":"wp","href":"https:\/\/api.w.org\/{rel}","templated":true}]}}