{"id":18934,"date":"2023-05-08T14:00:57","date_gmt":"2023-05-08T17:00:57","guid":{"rendered":"https:\/\/www.bibliotecadeseguranca.com.br\/fr\/?p=18934"},"modified":"2023-05-08T13:17:08","modified_gmt":"2023-05-08T16:17:08","slug":"revista-fenavist-ano-xix-n-42-dezembro-2022","status":"publish","type":"post","link":"https:\/\/www.bibliotecadeseguranca.com.br\/fr\/periodicos-de-seguranca\/revista-fenavist-ano-xix-n-42-dezembro-2022\/","title":{"rendered":"Revista Fenavist \u2013 Ano XIX \u2013 N 42 \u2013 Dezembro 2022"},"content":{"rendered":"<p><span style=\"color: #003366;\"><strong><img loading=\"lazy\" decoding=\"async\" class=\"alignleft size-full wp-image-18935\" src=\"https:\/\/www.bibliotecadeseguranca.com.br\/fr\/wp-content\/uploads\/2023\/05\/revista-fenavist-ano-xix-n-42-dezembro-2022.jpg\" alt=\"Revista Fenavist \u2013 Ano XIX \u2013 N 42 \u2013 Dezembro 2022\" width=\"145\" height=\"195\" srcset=\"https:\/\/www.bibliotecadeseguranca.com.br\/fr\/wp-content\/uploads\/2023\/05\/revista-fenavist-ano-xix-n-42-dezembro-2022.jpg 145w, https:\/\/www.bibliotecadeseguranca.com.br\/fr\/wp-content\/uploads\/2023\/05\/revista-fenavist-ano-xix-n-42-dezembro-2022-112x150.jpg 112w\" sizes=\"auto, (max-width: 145px) 100vw, 145px\" \/>R\u00e9sum\u00e9:<\/strong><\/span> Sobreviventes<\/p>\n<p>Enfrentamos h\u00e1, pelo menos, sete anos sucessivas crises econ\u00f4micas e instabilidade pol\u00edtica no Brasil. Nos \u00faltimos tr\u00eas anos tivemos que lidar com uma pandemia mundial. E, em 2022, ainda vimos o in\u00edcio da guerra entre a R\u00fassia e a Ucr\u00e2nia. Tudo isso nos coloca em um cen\u00e1rio quase apocal\u00edtico.<br \/>\nSei que tem sido dif\u00edcil para todos passar por essas situa\u00e7\u00f5es. Nosso segmento vem perdendo postos de trabalho sistematicamente. Contratantes que s\u00f3 visam a pre\u00e7o baixo em detrimento da qualidade dos servi\u00e7os, e empresas irregulares e clandestinas s\u00f3 pioram as condi\u00e7\u00f5es de trabalho das nossas empresas.<br \/>\n\u00c9 sempre preciso enxergar, por\u00e9m, al\u00e9m dessa muralha de adversidades. E uma coisa \u00e9 bem clara para mim: somos sobreviventes.<br \/>\nEm meio a todos os problemas, chegamos ao final de mais um ano juntos, firmes no prop\u00f3sito de defender a seguran\u00e7a privada, garantir a continuidade das nossas empresas, manter os mais de 500 mil empregos diretos gerados<br \/>\npela atividade.<br \/>\nEstarmos de p\u00e9, mesmo diante todas as adversidades, isso s\u00f3 mostra o quanto somos fortes. \u00c9 o resultado dos \u201ccalos\u201d ganhos ao longo dos anos de batalhas em prol da seguran\u00e7a privada.<br \/>\nSeguimos at\u00e9 aqui, portanto, n\u00e3o \u00e9 hora de esmorecer.<br \/>\nUm novo ano sempre reacende as esperan\u00e7as.<br \/>\nO Estatuto da Seguran\u00e7a Privada continua a ser nossa prioridade m\u00e1xima. Apoios recebidos nos \u00faltimos meses podem ser o empurr\u00e3o que faltava para, finalmente, conseguirmos a nossa nova legisla\u00e7\u00e3o. Obviamente, o Estatuto n\u00e3o trar\u00e1 solu\u00e7\u00f5es para todos os problemas, mas nos dar\u00e1 ferramentas e condi\u00e7\u00e3o de igualdade de enfrent\u00e1-los.<br \/>\nContinuaremos lutando.<\/p>\n<p>Um Feliz Natal e um excelente 2023 a todos!<\/p>\n<p>Jeferson Naz\u00e1rio<br \/>\nPresidente da Fenavist<\/p>\n<p><a href=\"https:\/\/www.bibliotecadeseguranca.com.br\/wp-content\/uploads\/2023\/05\/revista-fenavist-ano-xix-n-42-dezembro-2022.pdf\" target=\"_blank\" rel=\"noopener\"><img loading=\"lazy\" decoding=\"async\" class=\"alignleft wp-image-12143 size-full\" src=\"https:\/\/www.bibliotecadeseguranca.com.br\/fr\/wp-content\/uploads\/2015\/03\/download_fr.gif\" alt=\"T\u00e9l\u00e9charger\" width=\"107\" height=\"25\" \/><\/a><\/p>\n","protected":false},"excerpt":{"rendered":"<p>R\u00e9sum\u00e9: Sobreviventes Enfrentamos h\u00e1, pelo menos, sete anos sucessivas crises econ\u00f4micas e instabilidade pol\u00edtica no Brasil. Nos \u00faltimos tr\u00eas anos tivemos que lidar com uma pandemia mundial. E, em 2022, ainda vimos o in\u00edcio da guerra entre a R\u00fassia e a Ucr\u00e2nia. Tudo isso nos coloca em um cen\u00e1rio quase apocal\u00edtico. Sei que tem sido dif\u00edcil para todos passar por essas situa\u00e7\u00f5es. Nosso segmento vem perdendo postos de trabalho sistematicamente.&hellip; <\/p>\n","protected":false},"author":3,"featured_media":18935,"comment_status":"open","ping_status":"closed","sticky":false,"template":"","format":"standard","meta":{"footnotes":""},"categories":[124,71],"tags":[],"class_list":["post-18934","post","type-post","status-publish","format-standard","has-post-thumbnail","hentry","category-revista-fenavist","category-periodicos-de-seguranca"],"views":206,"_links":{"self":[{"href":"https:\/\/www.bibliotecadeseguranca.com.br\/fr\/wp-json\/wp\/v2\/posts\/18934","targetHints":{"allow":["GET"]}}],"collection":[{"href":"https:\/\/www.bibliotecadeseguranca.com.br\/fr\/wp-json\/wp\/v2\/posts"}],"about":[{"href":"https:\/\/www.bibliotecadeseguranca.com.br\/fr\/wp-json\/wp\/v2\/types\/post"}],"author":[{"embeddable":true,"href":"https:\/\/www.bibliotecadeseguranca.com.br\/fr\/wp-json\/wp\/v2\/users\/3"}],"replies":[{"embeddable":true,"href":"https:\/\/www.bibliotecadeseguranca.com.br\/fr\/wp-json\/wp\/v2\/comments?post=18934"}],"version-history":[{"count":1,"href":"https:\/\/www.bibliotecadeseguranca.com.br\/fr\/wp-json\/wp\/v2\/posts\/18934\/revisions"}],"predecessor-version":[{"id":18936,"href":"https:\/\/www.bibliotecadeseguranca.com.br\/fr\/wp-json\/wp\/v2\/posts\/18934\/revisions\/18936"}],"wp:featuredmedia":[{"embeddable":true,"href":"https:\/\/www.bibliotecadeseguranca.com.br\/fr\/wp-json\/wp\/v2\/media\/18935"}],"wp:attachment":[{"href":"https:\/\/www.bibliotecadeseguranca.com.br\/fr\/wp-json\/wp\/v2\/media?parent=18934"}],"wp:term":[{"taxonomy":"category","embeddable":true,"href":"https:\/\/www.bibliotecadeseguranca.com.br\/fr\/wp-json\/wp\/v2\/categories?post=18934"},{"taxonomy":"post_tag","embeddable":true,"href":"https:\/\/www.bibliotecadeseguranca.com.br\/fr\/wp-json\/wp\/v2\/tags?post=18934"}],"curies":[{"name":"wp","href":"https:\/\/api.w.org\/{rel}","templated":true}]}}