{"id":18927,"date":"2023-05-05T14:00:25","date_gmt":"2023-05-05T17:00:25","guid":{"rendered":"https:\/\/www.bibliotecadeseguranca.com.br\/fr\/?p=18927"},"modified":"2023-05-05T13:01:13","modified_gmt":"2023-05-05T16:01:13","slug":"forces-armees-et-services-de-securite","status":"publish","type":"post","link":"https:\/\/www.bibliotecadeseguranca.com.br\/fr\/livros\/forces-armees-et-services-de-securite\/","title":{"rendered":"Forces Arm\u00e9es et Services de S\u00e9curit\u00e9"},"content":{"rendered":"<p><span style=\"color: #003366;\"><strong><img loading=\"lazy\" decoding=\"async\" class=\"alignleft size-full wp-image-18928\" src=\"https:\/\/www.bibliotecadeseguranca.com.br\/fr\/wp-content\/uploads\/2023\/05\/forces-armees-et-services-de-securite.jpg\" alt=\"Forces Arm\u00e9es et Services de S\u00e9curit\u00e9\" width=\"145\" height=\"199\" srcset=\"https:\/\/www.bibliotecadeseguranca.com.br\/fr\/wp-content\/uploads\/2023\/05\/forces-armees-et-services-de-securite.jpg 145w, https:\/\/www.bibliotecadeseguranca.com.br\/fr\/wp-content\/uploads\/2023\/05\/forces-armees-et-services-de-securite-109x150.jpg 109w\" sizes=\"auto, (max-width: 145px) 100vw, 145px\" \/>Conseil de l&#8217;Europe<\/strong><\/span><\/p>\n<p><span style=\"color: #003366;\"><strong>R\u00e9sum\u00e9:<\/strong><\/span> Face \u00e0 l&#8217;augmentation des menaces que constituent notamment le terrorisme ou la criminalit\u00e9 organis\u00e9e internationale, les soci\u00e9t\u00e9s europ\u00e9ennes ressentent un besoin croissant de s\u00e9curit\u00e9, tant int\u00e9rieure qu&#8217;ext\u00e9rieure.L&#8217;action des gouvernements dans leur lutte contre ces menaces doit \u00eatre l\u00e9gale &#8211; mais aussi l\u00e9gitime &#8211; et \u00eatre men\u00e9e dans le respect des droits de l&#8217;homme, de la d\u00e9mocratie et de l&#8217;Etat de droit, principes fondamentaux du Conseil de l&#8217;Europe. La question qui se pose est de savoir qui va exercer un contr\u00f4le d\u00e9mocratique dans ce domaine. Quels sont les r\u00f4les des parlements, de l&#8217;ex\u00e9cutif, du pouvoir judiciaire et de la soci\u00e9t\u00e9 civile ? Existe-t-il des entit\u00e9s de contr\u00f4le au niveau supranational ?Ce livre pr\u00e9sente les diff\u00e9rents acteurs et leurs attributions dans le domaine de la s\u00e9curit\u00e9, et confirme la n\u00e9cessit\u00e9 d&#8217;assurer un \u00e9quilibre entre une conception d\u00e9mocratique des libert\u00e9s fondamentales et les garanties de s\u00e9curit\u00e9, au travers des rapports de l&#8217;Assembl\u00e9e parlementaire du Conseil de l&#8217;Europe et de la Commission europ\u00e9enne pour la d\u00e9mocratie par le droit.<\/p>\n","protected":false},"excerpt":{"rendered":"<p>Conseil de l&#8217;Europe R\u00e9sum\u00e9: Face \u00e0 l&#8217;augmentation des menaces que constituent notamment le terrorisme ou la criminalit\u00e9 organis\u00e9e internationale, les soci\u00e9t\u00e9s europ\u00e9ennes ressentent un besoin croissant de s\u00e9curit\u00e9, tant int\u00e9rieure qu&#8217;ext\u00e9rieure.L&#8217;action des gouvernements dans leur lutte contre ces menaces doit \u00eatre l\u00e9gale &#8211; mais aussi l\u00e9gitime &#8211; et \u00eatre men\u00e9e dans le respect des droits de l&#8217;homme, de la d\u00e9mocratie et de l&#8217;Etat de droit, principes fondamentaux du Conseil de&hellip; <\/p>\n","protected":false},"author":3,"featured_media":18928,"comment_status":"open","ping_status":"closed","sticky":false,"template":"","format":"standard","meta":{"footnotes":""},"categories":[109,6,25],"tags":[],"class_list":["post-18927","post","type-post","status-publish","format-standard","has-post-thumbnail","hentry","category-francais","category-livros","category-seguranca-publica-e-defesa"],"views":311,"_links":{"self":[{"href":"https:\/\/www.bibliotecadeseguranca.com.br\/fr\/wp-json\/wp\/v2\/posts\/18927","targetHints":{"allow":["GET"]}}],"collection":[{"href":"https:\/\/www.bibliotecadeseguranca.com.br\/fr\/wp-json\/wp\/v2\/posts"}],"about":[{"href":"https:\/\/www.bibliotecadeseguranca.com.br\/fr\/wp-json\/wp\/v2\/types\/post"}],"author":[{"embeddable":true,"href":"https:\/\/www.bibliotecadeseguranca.com.br\/fr\/wp-json\/wp\/v2\/users\/3"}],"replies":[{"embeddable":true,"href":"https:\/\/www.bibliotecadeseguranca.com.br\/fr\/wp-json\/wp\/v2\/comments?post=18927"}],"version-history":[{"count":1,"href":"https:\/\/www.bibliotecadeseguranca.com.br\/fr\/wp-json\/wp\/v2\/posts\/18927\/revisions"}],"predecessor-version":[{"id":18929,"href":"https:\/\/www.bibliotecadeseguranca.com.br\/fr\/wp-json\/wp\/v2\/posts\/18927\/revisions\/18929"}],"wp:featuredmedia":[{"embeddable":true,"href":"https:\/\/www.bibliotecadeseguranca.com.br\/fr\/wp-json\/wp\/v2\/media\/18928"}],"wp:attachment":[{"href":"https:\/\/www.bibliotecadeseguranca.com.br\/fr\/wp-json\/wp\/v2\/media?parent=18927"}],"wp:term":[{"taxonomy":"category","embeddable":true,"href":"https:\/\/www.bibliotecadeseguranca.com.br\/fr\/wp-json\/wp\/v2\/categories?post=18927"},{"taxonomy":"post_tag","embeddable":true,"href":"https:\/\/www.bibliotecadeseguranca.com.br\/fr\/wp-json\/wp\/v2\/tags?post=18927"}],"curies":[{"name":"wp","href":"https:\/\/api.w.org\/{rel}","templated":true}]}}