{"id":18918,"date":"2023-05-01T14:00:45","date_gmt":"2023-05-01T17:00:45","guid":{"rendered":"https:\/\/www.bibliotecadeseguranca.com.br\/fr\/?p=18918"},"modified":"2023-05-01T13:26:08","modified_gmt":"2023-05-01T16:26:08","slug":"seguranca-publica-limites-e-possibilidades-a-privatizacao-das-tarefas-da-administracao-publica","status":"publish","type":"post","link":"https:\/\/www.bibliotecadeseguranca.com.br\/fr\/livros\/seguranca-publica-limites-e-possibilidades-a-privatizacao-das-tarefas-da-administracao-publica\/","title":{"rendered":"Seguran\u00e7a P\u00fablica &#8211; Limites e Possibilidades \u00e0 Privatiza\u00e7\u00e3o das Tarefas da Administra\u00e7\u00e3o P\u00fablica"},"content":{"rendered":"<p><span style=\"color: #003366;\"><strong><img loading=\"lazy\" decoding=\"async\" class=\"alignleft size-full wp-image-18919\" src=\"https:\/\/www.bibliotecadeseguranca.com.br\/fr\/wp-content\/uploads\/2023\/05\/seguranca-publica-limites-e-possibilidades-a-privatizacao-das-tarefas-da-administracao-publica.jpg\" alt=\"Seguran\u00e7a P\u00fablica - Limites e Possibilidades \u00e0 Privatiza\u00e7\u00e3o das Tarefas da Administra\u00e7\u00e3o P\u00fablica\" width=\"145\" height=\"205\" srcset=\"https:\/\/www.bibliotecadeseguranca.com.br\/fr\/wp-content\/uploads\/2023\/05\/seguranca-publica-limites-e-possibilidades-a-privatizacao-das-tarefas-da-administracao-publica.jpg 145w, https:\/\/www.bibliotecadeseguranca.com.br\/fr\/wp-content\/uploads\/2023\/05\/seguranca-publica-limites-e-possibilidades-a-privatizacao-das-tarefas-da-administracao-publica-106x150.jpg 106w\" sizes=\"auto, (max-width: 145px) 100vw, 145px\" \/>Ricardo Duarte Jr.<\/strong><\/span><\/p>\n<p><span style=\"color: #003366;\"><strong>Maison d&#8217;\u00e9dition Juru\u00e1<\/strong><\/span><\/p>\n<p><span style=\"color: #003366;\"><strong>R\u00e9sum\u00e9:<\/strong><\/span> Esta obra \u2013 fruto da minha Tese de Doutorado na Faculdade de Direito da Universidade de Lisboa \u2013 objetiva realizar uma an\u00e1lise sobre as possibilidades jur\u00eddicas da privatiza\u00e7\u00e3o das tarefas p\u00fablicas, em espec\u00edfico as relacionadas \u00e0 seguran\u00e7a p\u00fablica. Por um lado, a seguran\u00e7a p\u00fablica \u00e9 monop\u00f3lio do Estado, cujo exerc\u00edcio \u00e9 fundamental para a garantia da soberania estatal, de modo que cabe \u00e0 Administra\u00e7\u00e3o P\u00fablica a sua concretiza\u00e7\u00e3o atrav\u00e9s de tarefas p\u00fablicas. Por outro, a seguran\u00e7a \u00e9 um direito fundamental de todo cidad\u00e3o, sendo, ainda, indispens\u00e1vel para a obten\u00e7\u00e3o do desenvolvimento. Partindo desta dial\u00e9tica, o presente trabalho inicia seu estudo a partir da evolu\u00e7\u00e3o do papel do Estado na concretiza\u00e7\u00e3o dos direitos fundamentais, em que se percebe que, com o passar dos anos, o Estado abarcou cada vez mais tarefas para si, sem conseguir concretizar de maneira eficiente. Em virtude disto, aos poucos, o pr\u00f3prio Estado passa a delegar algumas tarefas aos entes privados, al\u00e9m de que cresce o anseio por prote\u00e7\u00e3o mais efetiva em uma sociedade complexa e plural, de forma que os particulares objetivam garantir a sua pr\u00f3pria prote\u00e7\u00e3o, seja atrav\u00e9s do uso de armas, seja atrav\u00e9s da contrata\u00e7\u00e3o de empresas privadas de seguran\u00e7a. Se \u00e9 certo que as empresas privadas n\u00e3o atuam na seguran\u00e7a p\u00fablica, percebe-se que, cada vez mais, estas assumem fun\u00e7\u00e3o complementar e subsidi\u00e1ria ao ente estatal. N\u00e3o obstante isto, entendemos, ainda, que h\u00e1 espa\u00e7o tanto na pol\u00edcia administrativa quanto na pol\u00edcia privada \u2013 excepcionando-se o uso da for\u00e7a \u2013 para delega\u00e7\u00e3o destas atividades a sujeitos privados. Da mesma forma ocorreu quanto ao sistema penitenci\u00e1rio, em que, classificado como \u201cinferno na terra\u201d pelo pr\u00f3prio STF, a gest\u00e3o privada passa a ser uma possibilidade para a mudan\u00e7a dessa realidade e a efetiva concretiza\u00e7\u00e3o dos direitos fundamentais dos presos. Isto posto, analisamos os espa\u00e7os em que tais situa\u00e7\u00f5es ocorrem, o que inclui debater o regime jur\u00eddico aplicado, bem como os limites e possibilidades.<\/p>\n","protected":false},"excerpt":{"rendered":"<p>Ricardo Duarte Jr. Maison d&#8217;\u00e9dition Juru\u00e1 R\u00e9sum\u00e9: Esta obra \u2013 fruto da minha Tese de Doutorado na Faculdade de Direito da Universidade de Lisboa \u2013 objetiva realizar uma an\u00e1lise sobre as possibilidades jur\u00eddicas da privatiza\u00e7\u00e3o das tarefas p\u00fablicas, em espec\u00edfico as relacionadas \u00e0 seguran\u00e7a p\u00fablica. Por um lado, a seguran\u00e7a p\u00fablica \u00e9 monop\u00f3lio do Estado, cujo exerc\u00edcio \u00e9 fundamental para a garantia da soberania estatal, de modo que cabe \u00e0&hellip; <\/p>\n","protected":false},"author":3,"featured_media":18919,"comment_status":"open","ping_status":"closed","sticky":false,"template":"","format":"standard","meta":{"footnotes":""},"categories":[6,25],"tags":[],"class_list":["post-18918","post","type-post","status-publish","format-standard","has-post-thumbnail","hentry","category-livros","category-seguranca-publica-e-defesa"],"views":113,"_links":{"self":[{"href":"https:\/\/www.bibliotecadeseguranca.com.br\/fr\/wp-json\/wp\/v2\/posts\/18918","targetHints":{"allow":["GET"]}}],"collection":[{"href":"https:\/\/www.bibliotecadeseguranca.com.br\/fr\/wp-json\/wp\/v2\/posts"}],"about":[{"href":"https:\/\/www.bibliotecadeseguranca.com.br\/fr\/wp-json\/wp\/v2\/types\/post"}],"author":[{"embeddable":true,"href":"https:\/\/www.bibliotecadeseguranca.com.br\/fr\/wp-json\/wp\/v2\/users\/3"}],"replies":[{"embeddable":true,"href":"https:\/\/www.bibliotecadeseguranca.com.br\/fr\/wp-json\/wp\/v2\/comments?post=18918"}],"version-history":[{"count":1,"href":"https:\/\/www.bibliotecadeseguranca.com.br\/fr\/wp-json\/wp\/v2\/posts\/18918\/revisions"}],"predecessor-version":[{"id":18920,"href":"https:\/\/www.bibliotecadeseguranca.com.br\/fr\/wp-json\/wp\/v2\/posts\/18918\/revisions\/18920"}],"wp:featuredmedia":[{"embeddable":true,"href":"https:\/\/www.bibliotecadeseguranca.com.br\/fr\/wp-json\/wp\/v2\/media\/18919"}],"wp:attachment":[{"href":"https:\/\/www.bibliotecadeseguranca.com.br\/fr\/wp-json\/wp\/v2\/media?parent=18918"}],"wp:term":[{"taxonomy":"category","embeddable":true,"href":"https:\/\/www.bibliotecadeseguranca.com.br\/fr\/wp-json\/wp\/v2\/categories?post=18918"},{"taxonomy":"post_tag","embeddable":true,"href":"https:\/\/www.bibliotecadeseguranca.com.br\/fr\/wp-json\/wp\/v2\/tags?post=18918"}],"curies":[{"name":"wp","href":"https:\/\/api.w.org\/{rel}","templated":true}]}}