{"id":18902,"date":"2023-04-24T14:00:14","date_gmt":"2023-04-24T17:00:14","guid":{"rendered":"https:\/\/www.bibliotecadeseguranca.com.br\/fr\/?p=18902"},"modified":"2023-04-24T13:21:10","modified_gmt":"2023-04-24T16:21:10","slug":"15-sinais-de-alerta-que-indicam-risco-de-ataques-publicos","status":"publish","type":"post","link":"https:\/\/www.bibliotecadeseguranca.com.br\/fr\/livros\/15-sinais-de-alerta-que-indicam-risco-de-ataques-publicos\/","title":{"rendered":"15 Sinais de Alerta que Indicam Risco de Ataques P\u00fablicos!"},"content":{"rendered":"<p><span style=\"color: #003366;\"><strong><img loading=\"lazy\" decoding=\"async\" class=\"alignleft size-full wp-image-18903\" src=\"https:\/\/www.bibliotecadeseguranca.com.br\/fr\/wp-content\/uploads\/2023\/04\/15-sinais-de-alerta-que-indicam-risco-de-ataques-publicos.jpg\" alt=\"15 Sinais de Alerta que Indicam Risco de Ataques P\u00fablicos!\" width=\"145\" height=\"182\" srcset=\"https:\/\/www.bibliotecadeseguranca.com.br\/fr\/wp-content\/uploads\/2023\/04\/15-sinais-de-alerta-que-indicam-risco-de-ataques-publicos.jpg 145w, https:\/\/www.bibliotecadeseguranca.com.br\/fr\/wp-content\/uploads\/2023\/04\/15-sinais-de-alerta-que-indicam-risco-de-ataques-publicos-120x150.jpg 120w\" sizes=\"auto, (max-width: 145px) 100vw, 145px\" \/>Mariele Rios<\/strong><\/span><\/p>\n<p><span style=\"color: #003366;\"><strong>R\u00e9sum\u00e9:<\/strong><\/span> \u00c9 compreens\u00edvel e racional sentir medo. P\u00e2nico ajuda? Entendo, mas n\u00e3o. Disseminar todas as amea\u00e7as que surgem nesse momentos nos grupos? Muito menos. Foque na preven\u00e7\u00e3o e menos em medidas que s\u00f3 reforcem a viol\u00eancia: muro alt\u00edssimo, detector de metais, escolta armada, nada disso te protege como voc\u00ea pensa! O buraco \u00e9 mais embaixo.<br \/>\nE uma dica: quanto menos falar dos ataques (principalmente perto das crian\u00e7as e adolescentes) e menos ibope der ao assunto em grupos sem fun\u00e7\u00e3o espec\u00edfica, menos voc\u00ea estar\u00e1 mantendo uma engrenagem t\u00f3xica funcionando. Precisamos falar de solu\u00e7\u00f5es e n\u00e3o de repetir &#8220;disse me disse&#8221; que s\u00f3 cria p\u00e2nico.<br \/>\nEst\u00e1 preocupada com algum risco? Denunciar na escola e na pol\u00edcia \u00e9 efetivo. No grupo de zap N\u00c3O.<\/p>\n<p><a href=\"https:\/\/www.bibliotecadeseguranca.com.br\/wp-content\/uploads\/2023\/04\/15-sinais-de-alerta-que-indicam-risco-de-ataques-publicos.pdf\" target=\"_blank\" rel=\"noopener\"><img loading=\"lazy\" decoding=\"async\" class=\"alignleft wp-image-12143 size-full\" src=\"https:\/\/www.bibliotecadeseguranca.com.br\/fr\/wp-content\/uploads\/2015\/03\/download_fr.gif\" alt=\"T\u00e9l\u00e9charger\" width=\"107\" height=\"25\" \/><\/a><\/p>\n","protected":false},"excerpt":{"rendered":"<p>Mariele Rios R\u00e9sum\u00e9: \u00c9 compreens\u00edvel e racional sentir medo. P\u00e2nico ajuda? Entendo, mas n\u00e3o. Disseminar todas as amea\u00e7as que surgem nesse momentos nos grupos? Muito menos. Foque na preven\u00e7\u00e3o e menos em medidas que s\u00f3 reforcem a viol\u00eancia: muro alt\u00edssimo, detector de metais, escolta armada, nada disso te protege como voc\u00ea pensa! O buraco \u00e9 mais embaixo. E uma dica: quanto menos falar dos ataques (principalmente perto das crian\u00e7as e&hellip; <\/p>\n","protected":false},"author":3,"featured_media":18903,"comment_status":"open","ping_status":"closed","sticky":false,"template":"","format":"standard","meta":{"footnotes":""},"categories":[6,24,112],"tags":[],"class_list":["post-18902","post","type-post","status-publish","format-standard","has-post-thumbnail","hentry","category-livros","category-seguranca-pessoal-e-sequestro","category-download"],"views":353,"_links":{"self":[{"href":"https:\/\/www.bibliotecadeseguranca.com.br\/fr\/wp-json\/wp\/v2\/posts\/18902","targetHints":{"allow":["GET"]}}],"collection":[{"href":"https:\/\/www.bibliotecadeseguranca.com.br\/fr\/wp-json\/wp\/v2\/posts"}],"about":[{"href":"https:\/\/www.bibliotecadeseguranca.com.br\/fr\/wp-json\/wp\/v2\/types\/post"}],"author":[{"embeddable":true,"href":"https:\/\/www.bibliotecadeseguranca.com.br\/fr\/wp-json\/wp\/v2\/users\/3"}],"replies":[{"embeddable":true,"href":"https:\/\/www.bibliotecadeseguranca.com.br\/fr\/wp-json\/wp\/v2\/comments?post=18902"}],"version-history":[{"count":1,"href":"https:\/\/www.bibliotecadeseguranca.com.br\/fr\/wp-json\/wp\/v2\/posts\/18902\/revisions"}],"predecessor-version":[{"id":18904,"href":"https:\/\/www.bibliotecadeseguranca.com.br\/fr\/wp-json\/wp\/v2\/posts\/18902\/revisions\/18904"}],"wp:featuredmedia":[{"embeddable":true,"href":"https:\/\/www.bibliotecadeseguranca.com.br\/fr\/wp-json\/wp\/v2\/media\/18903"}],"wp:attachment":[{"href":"https:\/\/www.bibliotecadeseguranca.com.br\/fr\/wp-json\/wp\/v2\/media?parent=18902"}],"wp:term":[{"taxonomy":"category","embeddable":true,"href":"https:\/\/www.bibliotecadeseguranca.com.br\/fr\/wp-json\/wp\/v2\/categories?post=18902"},{"taxonomy":"post_tag","embeddable":true,"href":"https:\/\/www.bibliotecadeseguranca.com.br\/fr\/wp-json\/wp\/v2\/tags?post=18902"}],"curies":[{"name":"wp","href":"https:\/\/api.w.org\/{rel}","templated":true}]}}