{"id":18892,"date":"2023-04-20T14:00:40","date_gmt":"2023-04-20T17:00:40","guid":{"rendered":"https:\/\/www.bibliotecadeseguranca.com.br\/fr\/?p=18892"},"modified":"2023-04-20T10:16:53","modified_gmt":"2023-04-20T13:16:53","slug":"droit-fondamental-et-operationnel-du-maintien-de-lordre-public","status":"publish","type":"post","link":"https:\/\/www.bibliotecadeseguranca.com.br\/fr\/livros\/droit-fondamental-et-operationnel-du-maintien-de-lordre-public\/","title":{"rendered":"Droit fondamental et op\u00e9rationnel du maintien de l&#8217;ordre public"},"content":{"rendered":"<p><span style=\"color: #003366;\"><strong><img loading=\"lazy\" decoding=\"async\" class=\"alignleft size-full wp-image-18893\" src=\"https:\/\/www.bibliotecadeseguranca.com.br\/fr\/wp-content\/uploads\/2023\/04\/droit-fondamental-et-operationnel-du-maintien-de-lordre-public.jpg\" alt=\"Droit fondamental et op\u00e9rationnel du maintien de l'ordre public\" width=\"145\" height=\"217\" srcset=\"https:\/\/www.bibliotecadeseguranca.com.br\/fr\/wp-content\/uploads\/2023\/04\/droit-fondamental-et-operationnel-du-maintien-de-lordre-public.jpg 145w, https:\/\/www.bibliotecadeseguranca.com.br\/fr\/wp-content\/uploads\/2023\/04\/droit-fondamental-et-operationnel-du-maintien-de-lordre-public-100x150.jpg 100w\" sizes=\"auto, (max-width: 145px) 100vw, 145px\" \/>Marc Burg<\/strong><\/span><\/p>\n<p><span style=\"color: #003366;\"><strong>Maison d&#8217;\u00e9dition PUN-Editions universitaires de Lorraine<\/strong><\/span><\/p>\n<p><span style=\"color: #003366;\"><strong>R\u00e9sum\u00e9:<\/strong><\/span> C&#8217;est dans ses r\u00e9flexions sur le \u00ab Savant et le Politique \u00bb que le sociologue allemand Max Weber conf\u00e8re \u00e0 l&#8217;\u00c9tat le monopole de l&#8217;usage l\u00e9gitime de la force. Pour lui, \u00ab un \u00c9tat est une communaut\u00e9 humaine qui revendique le monopole de l&#8217;usage l\u00e9gitime de la force physique sur un territoire donn\u00e9 \u00bb. Cette pens\u00e9e a largement \u00e9t\u00e9 au coeur des d\u00e9bats depuis le d\u00e9veloppement du mouvement de contestation dit \u00ab des gilets jaunes \u00bb et l&#8217;emploi de l&#8217;expression de plus en plus cit\u00e9e d&#8217;emploi de la \u00ab violence l\u00e9gitime \u00bb lors des op\u00e9rations de maintien ou de r\u00e9tablissement de l&#8217;ordre public.<\/p>\n<p>Mais de quoi parle-t-on exactement ? Que sont, pr\u00e9cis\u00e9ment, l&#8217;ordre public, le maintien de l&#8217;ordre, l&#8217;emploi de la force par la force publique dont on ne d\u00e9finit pas vraiment la consistance ? Quelles sont les responsabilit\u00e9s engag\u00e9es par les auteurs de crimes ou d\u00e9lits mais aussi par la force publique lors des op\u00e9rations de maintien de l&#8217;ordre public ? Tant de questions auxquelles cette monographie relative au droit fondamental et op\u00e9rationnel du maintien de l&#8217;ordre public r\u00e9pond clairement et pr\u00e9cis\u00e9ment.<\/p>\n<p>Vision de terrain d&#8217;un praticien du maintien de l&#8217;ordre public avec la distance de l&#8217;universitaire, elle r\u00e9pondra aux questions que se posent les juristes (enseignants, \u00e9tudiants, avocats&#8230;), mais aussi tous les acteurs du maintien l&#8217;ordre public (d\u00e9cideurs publics, \u00e9lus, policiers, gendarmes&#8230;) et plus globalement tout citoyen qui s&#8217;int\u00e9resse au sujet (associations, journalistes, assurances).<\/p>\n","protected":false},"excerpt":{"rendered":"<p>Marc Burg Maison d&#8217;\u00e9dition PUN-Editions universitaires de Lorraine R\u00e9sum\u00e9: C&#8217;est dans ses r\u00e9flexions sur le \u00ab Savant et le Politique \u00bb que le sociologue allemand Max Weber conf\u00e8re \u00e0 l&#8217;\u00c9tat le monopole de l&#8217;usage l\u00e9gitime de la force. Pour lui, \u00ab un \u00c9tat est une communaut\u00e9 humaine qui revendique le monopole de l&#8217;usage l\u00e9gitime de la force physique sur un territoire donn\u00e9 \u00bb. Cette pens\u00e9e a largement \u00e9t\u00e9 au coeur&hellip; <\/p>\n","protected":false},"author":3,"featured_media":18893,"comment_status":"open","ping_status":"closed","sticky":false,"template":"","format":"standard","meta":{"footnotes":""},"categories":[109,6,25],"tags":[],"class_list":["post-18892","post","type-post","status-publish","format-standard","has-post-thumbnail","hentry","category-francais","category-livros","category-seguranca-publica-e-defesa"],"views":97,"_links":{"self":[{"href":"https:\/\/www.bibliotecadeseguranca.com.br\/fr\/wp-json\/wp\/v2\/posts\/18892","targetHints":{"allow":["GET"]}}],"collection":[{"href":"https:\/\/www.bibliotecadeseguranca.com.br\/fr\/wp-json\/wp\/v2\/posts"}],"about":[{"href":"https:\/\/www.bibliotecadeseguranca.com.br\/fr\/wp-json\/wp\/v2\/types\/post"}],"author":[{"embeddable":true,"href":"https:\/\/www.bibliotecadeseguranca.com.br\/fr\/wp-json\/wp\/v2\/users\/3"}],"replies":[{"embeddable":true,"href":"https:\/\/www.bibliotecadeseguranca.com.br\/fr\/wp-json\/wp\/v2\/comments?post=18892"}],"version-history":[{"count":1,"href":"https:\/\/www.bibliotecadeseguranca.com.br\/fr\/wp-json\/wp\/v2\/posts\/18892\/revisions"}],"predecessor-version":[{"id":18894,"href":"https:\/\/www.bibliotecadeseguranca.com.br\/fr\/wp-json\/wp\/v2\/posts\/18892\/revisions\/18894"}],"wp:featuredmedia":[{"embeddable":true,"href":"https:\/\/www.bibliotecadeseguranca.com.br\/fr\/wp-json\/wp\/v2\/media\/18893"}],"wp:attachment":[{"href":"https:\/\/www.bibliotecadeseguranca.com.br\/fr\/wp-json\/wp\/v2\/media?parent=18892"}],"wp:term":[{"taxonomy":"category","embeddable":true,"href":"https:\/\/www.bibliotecadeseguranca.com.br\/fr\/wp-json\/wp\/v2\/categories?post=18892"},{"taxonomy":"post_tag","embeddable":true,"href":"https:\/\/www.bibliotecadeseguranca.com.br\/fr\/wp-json\/wp\/v2\/tags?post=18892"}],"curies":[{"name":"wp","href":"https:\/\/api.w.org\/{rel}","templated":true}]}}