{"id":18870,"date":"2023-04-10T14:00:05","date_gmt":"2023-04-10T17:00:05","guid":{"rendered":"https:\/\/www.bibliotecadeseguranca.com.br\/fr\/?p=18870"},"modified":"2023-04-10T12:39:50","modified_gmt":"2023-04-10T15:39:50","slug":"guia-orientativo-as-empresas-lgpd-lei-geral-de-protecao-de-dados","status":"publish","type":"post","link":"https:\/\/www.bibliotecadeseguranca.com.br\/fr\/livros\/guia-orientativo-as-empresas-lgpd-lei-geral-de-protecao-de-dados\/","title":{"rendered":"Guia Orientativo \u00e0s Empresas \u2013 LGPD \u2013 Lei Geral de Prote\u00e7\u00e3o de Dados"},"content":{"rendered":"<p><span style=\"color: #003366;\"><strong><img loading=\"lazy\" decoding=\"async\" class=\"alignleft size-full wp-image-18871\" src=\"https:\/\/www.bibliotecadeseguranca.com.br\/fr\/wp-content\/uploads\/2023\/04\/guia-orientativo-as-empresas-lgpd-lei-geral-de-protecao-de-dados.jpg\" alt=\"Guia Orientativo \u00e0s Empresas \u2013 LGPD \u2013 Lei Geral de Prote\u00e7\u00e3o de Dados\" width=\"145\" height=\"205\" srcset=\"https:\/\/www.bibliotecadeseguranca.com.br\/fr\/wp-content\/uploads\/2023\/04\/guia-orientativo-as-empresas-lgpd-lei-geral-de-protecao-de-dados.jpg 145w, https:\/\/www.bibliotecadeseguranca.com.br\/fr\/wp-content\/uploads\/2023\/04\/guia-orientativo-as-empresas-lgpd-lei-geral-de-protecao-de-dados-106x150.jpg 106w\" sizes=\"auto, (max-width: 145px) 100vw, 145px\" \/>FIESP \u2013 CIESP<\/strong><\/span><\/p>\n<p><span style=\"color: #003366;\"><strong>R\u00e9sum\u00e9:<\/strong><\/span> Com a aprova\u00e7\u00e3o em 2018 da Lei Geral de Prote\u00e7\u00e3o de Dados Pessoais (LGPD) brasileira e o funcionamento da Autoridade Nacional de Prote\u00e7\u00e3o de Dados (ANPD), fica ainda mais clara a relev\u00e2ncia do tema e a necessidade de aten\u00e7\u00e3o da sociedade para o tratamento de Dados Pessoais coletados no dia a dia. \u00c9 neste mesmo sentido que houve a promulga\u00e7\u00e3o, em fevereiro de 2022, da Emenda Constitucional n\u00ba 115, de maneira a consolidar este entendimento a partir da inclus\u00e3o na Constitui\u00e7\u00e3o Federal brasileira da garantia \u00e0 prote\u00e7\u00e3o de Dados Pessoais entre os direitos e garantias fundamentais do indiv\u00edduo, bem como do estabelecimento da compet\u00eancia privativa da Uni\u00e3o para legislar sobre o tema.<br \/>\nCom a inten\u00e7\u00e3o de apoiar as empresas no uso e cont\u00ednua gest\u00e3o adequada de Dados Pessoais, a Federa\u00e7\u00e3o das Ind\u00fastrias do Estado de S\u00e3o Paulo \u2013 FIESP \u2013 elaborou um Guia Orientativo, exemplificativo e acess\u00edvel \u00e0 realidade empresarial.<br \/>\nAs informa\u00e7\u00f5es dispon\u00edveis no Guia s\u00e3o sobre a LGPD e a ANPD, principais passos para o in\u00edcio do processo de conformidade, como adequar as rela\u00e7\u00f5es de trabalho, comerciais e administrativas, e especificidades da aplica\u00e7\u00e3o da Lei \u00e0 micro e pequenas empresas, startups e pessoas f\u00edsicas que realizam tratamento de Dados para fins econ\u00f4micos. H\u00e1 ainda um FAQ com as principais d\u00favidas.<br \/>\nDe forma objetiva e simplificada, o Guia Orientativo \u00e0s Empresas busca trazer esclarecimentos e direcionamentos em rela\u00e7\u00e3o \u00e0 nova Lei, para que todos possam realizar um tratamento seguro e \u00e9tico de Dados Pessoais, cumprindo as regras estabelecidas na LGPD.<\/p>\n<p><a href=\"https:\/\/www.bibliotecadeseguranca.com.br\/wp-content\/uploads\/2023\/04\/guia-orientativo-as-empresas-lgpd-lei-geral-de-protecao-de-dados.pdf\" target=\"_blank\" rel=\"noopener\"><img loading=\"lazy\" decoding=\"async\" class=\"alignleft wp-image-12143 size-full\" src=\"https:\/\/www.bibliotecadeseguranca.com.br\/fr\/wp-content\/uploads\/2015\/03\/download_fr.gif\" alt=\"T\u00e9l\u00e9charger\" width=\"107\" height=\"25\" \/><\/a><\/p>\n","protected":false},"excerpt":{"rendered":"<p>FIESP \u2013 CIESP R\u00e9sum\u00e9: Com a aprova\u00e7\u00e3o em 2018 da Lei Geral de Prote\u00e7\u00e3o de Dados Pessoais (LGPD) brasileira e o funcionamento da Autoridade Nacional de Prote\u00e7\u00e3o de Dados (ANPD), fica ainda mais clara a relev\u00e2ncia do tema e a necessidade de aten\u00e7\u00e3o da sociedade para o tratamento de Dados Pessoais coletados no dia a dia. \u00c9 neste mesmo sentido que houve a promulga\u00e7\u00e3o, em fevereiro de 2022, da Emenda&hellip; <\/p>\n","protected":false},"author":3,"featured_media":18871,"comment_status":"open","ping_status":"closed","sticky":false,"template":"","format":"standard","meta":{"footnotes":""},"categories":[6,20,112],"tags":[],"class_list":["post-18870","post","type-post","status-publish","format-standard","has-post-thumbnail","hentry","category-livros","category-seguranca-da-informacao","category-download"],"views":129,"_links":{"self":[{"href":"https:\/\/www.bibliotecadeseguranca.com.br\/fr\/wp-json\/wp\/v2\/posts\/18870","targetHints":{"allow":["GET"]}}],"collection":[{"href":"https:\/\/www.bibliotecadeseguranca.com.br\/fr\/wp-json\/wp\/v2\/posts"}],"about":[{"href":"https:\/\/www.bibliotecadeseguranca.com.br\/fr\/wp-json\/wp\/v2\/types\/post"}],"author":[{"embeddable":true,"href":"https:\/\/www.bibliotecadeseguranca.com.br\/fr\/wp-json\/wp\/v2\/users\/3"}],"replies":[{"embeddable":true,"href":"https:\/\/www.bibliotecadeseguranca.com.br\/fr\/wp-json\/wp\/v2\/comments?post=18870"}],"version-history":[{"count":1,"href":"https:\/\/www.bibliotecadeseguranca.com.br\/fr\/wp-json\/wp\/v2\/posts\/18870\/revisions"}],"predecessor-version":[{"id":18872,"href":"https:\/\/www.bibliotecadeseguranca.com.br\/fr\/wp-json\/wp\/v2\/posts\/18870\/revisions\/18872"}],"wp:featuredmedia":[{"embeddable":true,"href":"https:\/\/www.bibliotecadeseguranca.com.br\/fr\/wp-json\/wp\/v2\/media\/18871"}],"wp:attachment":[{"href":"https:\/\/www.bibliotecadeseguranca.com.br\/fr\/wp-json\/wp\/v2\/media?parent=18870"}],"wp:term":[{"taxonomy":"category","embeddable":true,"href":"https:\/\/www.bibliotecadeseguranca.com.br\/fr\/wp-json\/wp\/v2\/categories?post=18870"},{"taxonomy":"post_tag","embeddable":true,"href":"https:\/\/www.bibliotecadeseguranca.com.br\/fr\/wp-json\/wp\/v2\/tags?post=18870"}],"curies":[{"name":"wp","href":"https:\/\/api.w.org\/{rel}","templated":true}]}}