{"id":18861,"date":"2023-04-06T14:00:47","date_gmt":"2023-04-06T17:00:47","guid":{"rendered":"https:\/\/www.bibliotecadeseguranca.com.br\/fr\/?p=18861"},"modified":"2023-04-06T12:03:23","modified_gmt":"2023-04-06T15:03:23","slug":"lexique-de-la-securite","status":"publish","type":"post","link":"https:\/\/www.bibliotecadeseguranca.com.br\/fr\/livros\/lexique-de-la-securite\/","title":{"rendered":"Lexique de la s\u00e9curit\u00e9"},"content":{"rendered":"<p><span style=\"color: #003366;\"><strong><img loading=\"lazy\" decoding=\"async\" class=\"alignleft size-full wp-image-18862\" src=\"https:\/\/www.bibliotecadeseguranca.com.br\/fr\/wp-content\/uploads\/2023\/04\/lexique-de-la-securite.jpg\" alt=\"Lexique de la s\u00e9curit\u00e9\" width=\"145\" height=\"205\" srcset=\"https:\/\/www.bibliotecadeseguranca.com.br\/fr\/wp-content\/uploads\/2023\/04\/lexique-de-la-securite.jpg 145w, https:\/\/www.bibliotecadeseguranca.com.br\/fr\/wp-content\/uploads\/2023\/04\/lexique-de-la-securite-106x150.jpg 106w\" sizes=\"auto, (max-width: 145px) 100vw, 145px\" \/>Christophe Soullez<\/strong><\/span><\/p>\n<p><span style=\"color: #003366;\"><strong>Maison d&#8217;\u00e9dition PUF<\/strong><\/span><\/p>\n<p><span style=\"color: #003366;\"><strong>R\u00e9sum\u00e9:<\/strong><\/span> En Europe &#8211; notamment en France &#8211; la s\u00e9curit\u00e9 est une exigence sociale forte des habitants des zones urbaines et p\u00e9ri-urbaines ; au-del\u00e0, un souci quotidien pour les gouvernements et les m\u00e9dias. \u00abS\u00e9curit\u00e9\u00bb est aussi un terme complexe, aux sens multiples (s\u00e9curit\u00e9 publique, s\u00e9curit\u00e9 civile, s\u00e9curit\u00e9 routi\u00e8re, s\u00e9curit\u00e9 des b\u00e2timents, s\u00e9curit\u00e9 nationale, s\u00e9curit\u00e9 militaire&#8230;). Enfin, certains d\u00e9riv\u00e9s du mot s\u00e9curit\u00e9 ont une connotation pol\u00e9mique : \u00abs\u00e9curitaire\u00bb, etc.<\/p>\n<p>Quelles sont les diverses facettes de la s\u00e9curit\u00e9 ? Comment pense-t-on la s\u00e9curit\u00e9 en France, aujourd&#8217;hui ? Quels liens entre s\u00e9curit\u00e9, criminalit\u00e9, d\u00e9linquance ? Pour la premi\u00e8re fois, en 21 entr\u00e9es, de A comme \u00abAccords de Schengen\u00bb \u00e0 V comme \u00abViolences urbaines\u00bb ce lexique pratique et bibliographique de la s\u00e9curit\u00e9 d\u00e9finit, expose, pr\u00e9sente :<\/p>\n<p>&#8211; les r\u00e9alit\u00e9s actuelles de la d\u00e9linquance et de la criminalit\u00e9, leurs \u00e9volutions pr\u00e9visibles, \u00e0 l&#8217;\u00e9chelle nationale, europ\u00e9enne, internationale,<\/p>\n<p>&#8211; les concepts et les outils de la s\u00e9curit\u00e9 publique ou priv\u00e9e,<\/p>\n<p>&#8211; les politiques et les strat\u00e9gies publiques de lutte contre la d\u00e9linquance et le crime.<\/p>\n","protected":false},"excerpt":{"rendered":"<p>Christophe Soullez Maison d&#8217;\u00e9dition PUF R\u00e9sum\u00e9: En Europe &#8211; notamment en France &#8211; la s\u00e9curit\u00e9 est une exigence sociale forte des habitants des zones urbaines et p\u00e9ri-urbaines ; au-del\u00e0, un souci quotidien pour les gouvernements et les m\u00e9dias. \u00abS\u00e9curit\u00e9\u00bb est aussi un terme complexe, aux sens multiples (s\u00e9curit\u00e9 publique, s\u00e9curit\u00e9 civile, s\u00e9curit\u00e9 routi\u00e8re, s\u00e9curit\u00e9 des b\u00e2timents, s\u00e9curit\u00e9 nationale, s\u00e9curit\u00e9 militaire&#8230;). Enfin, certains d\u00e9riv\u00e9s du mot s\u00e9curit\u00e9 ont une connotation pol\u00e9mique&hellip; <\/p>\n","protected":false},"author":3,"featured_media":18862,"comment_status":"open","ping_status":"closed","sticky":false,"template":"","format":"standard","meta":{"footnotes":""},"categories":[109,6,25],"tags":[],"class_list":["post-18861","post","type-post","status-publish","format-standard","has-post-thumbnail","hentry","category-francais","category-livros","category-seguranca-publica-e-defesa"],"views":117,"_links":{"self":[{"href":"https:\/\/www.bibliotecadeseguranca.com.br\/fr\/wp-json\/wp\/v2\/posts\/18861","targetHints":{"allow":["GET"]}}],"collection":[{"href":"https:\/\/www.bibliotecadeseguranca.com.br\/fr\/wp-json\/wp\/v2\/posts"}],"about":[{"href":"https:\/\/www.bibliotecadeseguranca.com.br\/fr\/wp-json\/wp\/v2\/types\/post"}],"author":[{"embeddable":true,"href":"https:\/\/www.bibliotecadeseguranca.com.br\/fr\/wp-json\/wp\/v2\/users\/3"}],"replies":[{"embeddable":true,"href":"https:\/\/www.bibliotecadeseguranca.com.br\/fr\/wp-json\/wp\/v2\/comments?post=18861"}],"version-history":[{"count":1,"href":"https:\/\/www.bibliotecadeseguranca.com.br\/fr\/wp-json\/wp\/v2\/posts\/18861\/revisions"}],"predecessor-version":[{"id":18863,"href":"https:\/\/www.bibliotecadeseguranca.com.br\/fr\/wp-json\/wp\/v2\/posts\/18861\/revisions\/18863"}],"wp:featuredmedia":[{"embeddable":true,"href":"https:\/\/www.bibliotecadeseguranca.com.br\/fr\/wp-json\/wp\/v2\/media\/18862"}],"wp:attachment":[{"href":"https:\/\/www.bibliotecadeseguranca.com.br\/fr\/wp-json\/wp\/v2\/media?parent=18861"}],"wp:term":[{"taxonomy":"category","embeddable":true,"href":"https:\/\/www.bibliotecadeseguranca.com.br\/fr\/wp-json\/wp\/v2\/categories?post=18861"},{"taxonomy":"post_tag","embeddable":true,"href":"https:\/\/www.bibliotecadeseguranca.com.br\/fr\/wp-json\/wp\/v2\/tags?post=18861"}],"curies":[{"name":"wp","href":"https:\/\/api.w.org\/{rel}","templated":true}]}}