{"id":18854,"date":"2023-04-03T14:00:46","date_gmt":"2023-04-03T17:00:46","guid":{"rendered":"https:\/\/www.bibliotecadeseguranca.com.br\/fr\/?p=18854"},"modified":"2023-04-03T11:58:34","modified_gmt":"2023-04-03T14:58:34","slug":"carreiras-policiais-seguranca-publica","status":"publish","type":"post","link":"https:\/\/www.bibliotecadeseguranca.com.br\/fr\/livros\/carreiras-policiais-seguranca-publica\/","title":{"rendered":"Carreiras Policiais &#8211; Seguran\u00e7a P\u00fablica"},"content":{"rendered":"<p><span style=\"color: #003366;\"><strong><img loading=\"lazy\" decoding=\"async\" class=\"alignleft size-full wp-image-18855\" src=\"https:\/\/www.bibliotecadeseguranca.com.br\/fr\/wp-content\/uploads\/2023\/04\/carreiras-policiais-seguranca-publica.jpg\" alt=\"Carreiras Policiais - Seguran\u00e7a P\u00fablica\" width=\"145\" height=\"202\" srcset=\"https:\/\/www.bibliotecadeseguranca.com.br\/fr\/wp-content\/uploads\/2023\/04\/carreiras-policiais-seguranca-publica.jpg 145w, https:\/\/www.bibliotecadeseguranca.com.br\/fr\/wp-content\/uploads\/2023\/04\/carreiras-policiais-seguranca-publica-108x150.jpg 108w\" sizes=\"auto, (max-width: 145px) 100vw, 145px\" \/>Nestor T\u00e1vora, Adriano Sousa Costa, Eduardo Fontes, F\u00e1bio Roque Ara\u00fajo, Gabriel Habib, Henrique Hoffmann, Ivana David, Leonardo Barreto Moreira Alves, M\u00e1rcio Adriano Anselmo, Nathalia Masson<\/strong><\/span><\/p>\n<p><span style=\"color: #003366;\"><strong>Maison d&#8217;\u00e9dition Juspodivm<\/strong><\/span><\/p>\n<p><span style=\"color: #003366;\"><strong>R\u00e9sum\u00e9:<\/strong><\/span> A obra foi desenvolvida n\u00e3o s\u00f3 com utiliza\u00e7\u00e3o de conhecimentos jur\u00eddicos, mas sobretudo com emprego de conceitos da Ci\u00eancia Pol\u00edtica, fundamental para entender a seguran\u00e7a p\u00fablica como se encontra atualmente, bem como para tornar poss\u00edvel a formula\u00e7\u00e3o de propostas exequ\u00edveis.<br \/>\nO livro \u00e9 resultado do debate entre um time de autores consagrados, oriundos das mais diferentes carreiras (magistratura federal, magistratura estadual, defensoria e advocacia, Minist\u00e9rio P\u00fablico, Pol\u00edcia Federal e Pol\u00edcia Civil), e que conhecem do assunto n\u00e3o s\u00f3 na teoria, mas tamb\u00e9m na pr\u00e1tica.<br \/>\nDepois de explicar detalhadamente como se estrutura atualmente o sistema de seguran\u00e7a p\u00fablica brasileiro, foram enfrentados os fatores que caracterizam uma pol\u00edtica p\u00fablica como repelente; recha\u00e7adas as tentativas inadequadas de c\u00f3pia de trechos de modelos estrangeiros sem o devido estudo de compatibilidade (policy transfer); estudadas as institui\u00e7\u00f5es e as variadas abordagens do institucionalismo; analisada a agenda pol\u00edtica e as muta\u00e7\u00f5es dos modelos de pol\u00edcia; para ao fim serem propostas diversas corre\u00e7\u00f5es para as engrenagens do sistema.<br \/>\nAdemais, foi desenvolvida a perspectiva de que as corpora\u00e7\u00f5es que comp\u00f5em o sistema de seguran\u00e7a devem atuar com base nas divis\u00f5es constitucionais de atribui\u00e7\u00f5es e de compet\u00eancias \u2013 que devem ser aprimoradas de modo a suprirem as lacunas que costumam deixar, por meio do chamado gatilho de efic\u00e1cia.<br \/>\nAs recomenda\u00e7\u00f5es propostas tendem a fortalecer as corpora\u00e7\u00f5es componentes em seus misteres originais, abrindo caminho tamb\u00e9m para o complemento de poss\u00edveis lacunas funcionais pelo gatilho de efic\u00e1cia. Todas as sugest\u00f5es foram pautadas em sua factibilidade, contextualidade, modicidade, adequa\u00e7\u00e3o aos mecanismos j\u00e1 previstos no ordenamento jur\u00eddico-institucional, fortalecimento das corpora\u00e7\u00f5es em seus misteres origin\u00e1rios e a valoriza\u00e7\u00e3o das comprovadas melhores pr\u00e1ticas.<br \/>\nO objetivo \u00e9 possibilitar uma vis\u00e3o mais n\u00edtida sobre o sistema de seguran\u00e7a p\u00fablica e de persecu\u00e7\u00e3o penal, compreens\u00e3o cuja profundidade se atinge por meio da utiliza\u00e7\u00e3o do ferramental desenvolvido h\u00e1 d\u00e9cadas n\u00e3o somente pelo Direito, mas principalmente pela Ci\u00eancia Pol\u00edtica.<\/p>\n","protected":false},"excerpt":{"rendered":"<p>Nestor T\u00e1vora, Adriano Sousa Costa, Eduardo Fontes, F\u00e1bio Roque Ara\u00fajo, Gabriel Habib, Henrique Hoffmann, Ivana David, Leonardo Barreto Moreira Alves, M\u00e1rcio Adriano Anselmo, Nathalia Masson Maison d&#8217;\u00e9dition Juspodivm R\u00e9sum\u00e9: A obra foi desenvolvida n\u00e3o s\u00f3 com utiliza\u00e7\u00e3o de conhecimentos jur\u00eddicos, mas sobretudo com emprego de conceitos da Ci\u00eancia Pol\u00edtica, fundamental para entender a seguran\u00e7a p\u00fablica como se encontra atualmente, bem como para tornar poss\u00edvel a formula\u00e7\u00e3o de propostas exequ\u00edveis. O&hellip; <\/p>\n","protected":false},"author":3,"featured_media":18855,"comment_status":"open","ping_status":"closed","sticky":false,"template":"","format":"standard","meta":{"footnotes":""},"categories":[6,25],"tags":[],"class_list":["post-18854","post","type-post","status-publish","format-standard","has-post-thumbnail","hentry","category-livros","category-seguranca-publica-e-defesa"],"views":80,"_links":{"self":[{"href":"https:\/\/www.bibliotecadeseguranca.com.br\/fr\/wp-json\/wp\/v2\/posts\/18854","targetHints":{"allow":["GET"]}}],"collection":[{"href":"https:\/\/www.bibliotecadeseguranca.com.br\/fr\/wp-json\/wp\/v2\/posts"}],"about":[{"href":"https:\/\/www.bibliotecadeseguranca.com.br\/fr\/wp-json\/wp\/v2\/types\/post"}],"author":[{"embeddable":true,"href":"https:\/\/www.bibliotecadeseguranca.com.br\/fr\/wp-json\/wp\/v2\/users\/3"}],"replies":[{"embeddable":true,"href":"https:\/\/www.bibliotecadeseguranca.com.br\/fr\/wp-json\/wp\/v2\/comments?post=18854"}],"version-history":[{"count":1,"href":"https:\/\/www.bibliotecadeseguranca.com.br\/fr\/wp-json\/wp\/v2\/posts\/18854\/revisions"}],"predecessor-version":[{"id":18856,"href":"https:\/\/www.bibliotecadeseguranca.com.br\/fr\/wp-json\/wp\/v2\/posts\/18854\/revisions\/18856"}],"wp:featuredmedia":[{"embeddable":true,"href":"https:\/\/www.bibliotecadeseguranca.com.br\/fr\/wp-json\/wp\/v2\/media\/18855"}],"wp:attachment":[{"href":"https:\/\/www.bibliotecadeseguranca.com.br\/fr\/wp-json\/wp\/v2\/media?parent=18854"}],"wp:term":[{"taxonomy":"category","embeddable":true,"href":"https:\/\/www.bibliotecadeseguranca.com.br\/fr\/wp-json\/wp\/v2\/categories?post=18854"},{"taxonomy":"post_tag","embeddable":true,"href":"https:\/\/www.bibliotecadeseguranca.com.br\/fr\/wp-json\/wp\/v2\/tags?post=18854"}],"curies":[{"name":"wp","href":"https:\/\/api.w.org\/{rel}","templated":true}]}}