{"id":18812,"date":"2023-03-16T14:00:33","date_gmt":"2023-03-16T17:00:33","guid":{"rendered":"https:\/\/www.bibliotecadeseguranca.com.br\/fr\/?p=18812"},"modified":"2023-03-16T11:56:52","modified_gmt":"2023-03-16T14:56:52","slug":"livre-blanc-de-la-securite-interieure","status":"publish","type":"post","link":"https:\/\/www.bibliotecadeseguranca.com.br\/fr\/livros\/livre-blanc-de-la-securite-interieure\/","title":{"rendered":"Livre blanc de la s\u00e9curit\u00e9 int\u00e9rieure"},"content":{"rendered":"<p><span style=\"color: #003366;\"><strong><img loading=\"lazy\" decoding=\"async\" class=\"alignleft size-full wp-image-18813\" src=\"https:\/\/www.bibliotecadeseguranca.com.br\/fr\/wp-content\/uploads\/2023\/03\/livre-blanc-de-la-securite-interieure.jpg\" alt=\"Livre blanc de la s\u00e9curit\u00e9 int\u00e9rieure\" width=\"145\" height=\"205\" srcset=\"https:\/\/www.bibliotecadeseguranca.com.br\/fr\/wp-content\/uploads\/2023\/03\/livre-blanc-de-la-securite-interieure.jpg 145w, https:\/\/www.bibliotecadeseguranca.com.br\/fr\/wp-content\/uploads\/2023\/03\/livre-blanc-de-la-securite-interieure-106x150.jpg 106w\" sizes=\"auto, (max-width: 145px) 100vw, 145px\" \/>Minist\u00e8re de l\u2019Int\u00e9rieur \u2013 R\u00e9publique Fran\u00e7aise<\/strong><\/span><\/p>\n<p><span style=\"color: #003366;\"><strong>R\u00e9sum\u00e9:<\/strong><\/span> Le Livre blanc de la s\u00e9curit\u00e9 int\u00e9rieure prend en compte les enjeux de la s\u00e9curit\u00e9 int\u00e9rieure du 21e si\u00e8cle, en dessinant le pacte de protection et de s\u00e9curit\u00e9 des Fran\u00e7ais, pla\u00e7ant l\u2019humain au c\u0153ur de l\u2019action. Il s\u2019appuie sur une concertation large et ouverte : experts de la s\u00e9curit\u00e9, \u00e9lus, pr\u00e9fets, agents de terrain, chercheurs et universitaires, acteurs de la s\u00e9curit\u00e9 priv\u00e9e sans oublier les citoyens eux-m\u00eames avec la conf\u00e9rence organis\u00e9e en janvier 2020.<br \/>\nLe document s\u2019inscrit dans l\u2019esprit et la continuit\u00e9 des r\u00e9formes engag\u00e9es depuis 2017. Sa m\u00e9thode permet une approche globale des enjeux de s\u00e9curit\u00e9 int\u00e9rieure.<br \/>\nIl s\u2019agit donc d\u2019un document de prospective qui \u00e9met pr\u00e8s de 200 propositions. Ces propositions se caract\u00e9risent par un fort volontarisme sur des sujets structurants, par une approche pragmatique et par leur dimension humaine. Ce Livre blanc pose donc le principe d\u2019une s\u00e9curit\u00e9 \u00e0 hauteur d\u2019homme.<\/p>\n<p><a href=\"https:\/\/www.bibliotecadeseguranca.com.br\/wp-content\/uploads\/2023\/03\/livre-blanc-de-la-securite-interieure.pdf\" target=\"_blank\" rel=\"noopener\"><img loading=\"lazy\" decoding=\"async\" class=\"alignleft wp-image-12143 size-full\" src=\"https:\/\/www.bibliotecadeseguranca.com.br\/fr\/wp-content\/uploads\/2015\/03\/download_fr.gif\" alt=\"T\u00e9l\u00e9charger\" width=\"107\" height=\"25\" \/><\/a><\/p>\n","protected":false},"excerpt":{"rendered":"<p>Minist\u00e8re de l\u2019Int\u00e9rieur \u2013 R\u00e9publique Fran\u00e7aise R\u00e9sum\u00e9: Le Livre blanc de la s\u00e9curit\u00e9 int\u00e9rieure prend en compte les enjeux de la s\u00e9curit\u00e9 int\u00e9rieure du 21e si\u00e8cle, en dessinant le pacte de protection et de s\u00e9curit\u00e9 des Fran\u00e7ais, pla\u00e7ant l\u2019humain au c\u0153ur de l\u2019action. Il s\u2019appuie sur une concertation large et ouverte : experts de la s\u00e9curit\u00e9, \u00e9lus, pr\u00e9fets, agents de terrain, chercheurs et universitaires, acteurs de la s\u00e9curit\u00e9 priv\u00e9e sans&hellip; <\/p>\n","protected":false},"author":3,"featured_media":18813,"comment_status":"open","ping_status":"closed","sticky":false,"template":"","format":"standard","meta":{"footnotes":""},"categories":[109,6,25,112],"tags":[],"class_list":["post-18812","post","type-post","status-publish","format-standard","has-post-thumbnail","hentry","category-francais","category-livros","category-seguranca-publica-e-defesa","category-download"],"views":280,"_links":{"self":[{"href":"https:\/\/www.bibliotecadeseguranca.com.br\/fr\/wp-json\/wp\/v2\/posts\/18812","targetHints":{"allow":["GET"]}}],"collection":[{"href":"https:\/\/www.bibliotecadeseguranca.com.br\/fr\/wp-json\/wp\/v2\/posts"}],"about":[{"href":"https:\/\/www.bibliotecadeseguranca.com.br\/fr\/wp-json\/wp\/v2\/types\/post"}],"author":[{"embeddable":true,"href":"https:\/\/www.bibliotecadeseguranca.com.br\/fr\/wp-json\/wp\/v2\/users\/3"}],"replies":[{"embeddable":true,"href":"https:\/\/www.bibliotecadeseguranca.com.br\/fr\/wp-json\/wp\/v2\/comments?post=18812"}],"version-history":[{"count":1,"href":"https:\/\/www.bibliotecadeseguranca.com.br\/fr\/wp-json\/wp\/v2\/posts\/18812\/revisions"}],"predecessor-version":[{"id":18814,"href":"https:\/\/www.bibliotecadeseguranca.com.br\/fr\/wp-json\/wp\/v2\/posts\/18812\/revisions\/18814"}],"wp:featuredmedia":[{"embeddable":true,"href":"https:\/\/www.bibliotecadeseguranca.com.br\/fr\/wp-json\/wp\/v2\/media\/18813"}],"wp:attachment":[{"href":"https:\/\/www.bibliotecadeseguranca.com.br\/fr\/wp-json\/wp\/v2\/media?parent=18812"}],"wp:term":[{"taxonomy":"category","embeddable":true,"href":"https:\/\/www.bibliotecadeseguranca.com.br\/fr\/wp-json\/wp\/v2\/categories?post=18812"},{"taxonomy":"post_tag","embeddable":true,"href":"https:\/\/www.bibliotecadeseguranca.com.br\/fr\/wp-json\/wp\/v2\/tags?post=18812"}],"curies":[{"name":"wp","href":"https:\/\/api.w.org\/{rel}","templated":true}]}}