{"id":18796,"date":"2023-03-09T14:00:10","date_gmt":"2023-03-09T17:00:10","guid":{"rendered":"https:\/\/www.bibliotecadeseguranca.com.br\/fr\/?p=18796"},"modified":"2023-03-09T13:08:55","modified_gmt":"2023-03-09T16:08:55","slug":"gestion-des-risques-2","status":"publish","type":"post","link":"https:\/\/www.bibliotecadeseguranca.com.br\/fr\/livros\/gestion-des-risques-2\/","title":{"rendered":"Gestion des Risques"},"content":{"rendered":"<p><span style=\"color: #003366;\"><strong><img loading=\"lazy\" decoding=\"async\" class=\"alignleft size-full wp-image-18797\" src=\"https:\/\/www.bibliotecadeseguranca.com.br\/fr\/wp-content\/uploads\/2023\/03\/gestion-des-risques.jpg\" alt=\"Gestion des Risques\" width=\"145\" height=\"218\" srcset=\"https:\/\/www.bibliotecadeseguranca.com.br\/fr\/wp-content\/uploads\/2023\/03\/gestion-des-risques.jpg 145w, https:\/\/www.bibliotecadeseguranca.com.br\/fr\/wp-content\/uploads\/2023\/03\/gestion-des-risques-100x150.jpg 100w\" sizes=\"auto, (max-width: 145px) 100vw, 145px\" \/>Laurence Baillif<\/strong><\/span><\/p>\n<p><span style=\"color: #003366;\"><strong>Maison d&#8217;\u00e9dition CNPP<\/strong><\/span><\/p>\n<p><span style=\"color: #003366;\"><strong>R\u00e9sum\u00e9:<\/strong><\/span> Se pr\u00e9occuper de la gestion de ses risques et cr\u00e9er un environnement de travail s\u00fbr en appliquant une politique globale solide est d\u00e9sormais une \u00e9vidence, tant cela participe \u00e0 l&#8217;atteinte des objectifs d&#8217;une entreprise et \u00e0 sa performance.<br \/>\nMais comment d\u00e9passer les missions de s\u00e9curit\u00e9 et int\u00e9grer la sant\u00e9, l&#8217;incendie, l&#8217;environnement ou la s\u00fbret\u00e9 \u00e0 la d\u00e9marche ? Construire une vision partag\u00e9e \u00e0 tous les niveaux de l&#8217;entreprise ? \u00c9viter les \u00e9cueils d&#8217;une organisation en silos ou du grand \u00e9cart entre l&#8217;op\u00e9rationnel et la direction ? La cl\u00e9 r\u00e9side dans la transversalit\u00e9 et dans la gestion globale des risques mais aussi dans la bonne connaissance des enjeux et m\u00e9thodes.<\/p>\n","protected":false},"excerpt":{"rendered":"<p>Laurence Baillif Maison d&#8217;\u00e9dition CNPP R\u00e9sum\u00e9: Se pr\u00e9occuper de la gestion de ses risques et cr\u00e9er un environnement de travail s\u00fbr en appliquant une politique globale solide est d\u00e9sormais une \u00e9vidence, tant cela participe \u00e0 l&#8217;atteinte des objectifs d&#8217;une entreprise et \u00e0 sa performance. Mais comment d\u00e9passer les missions de s\u00e9curit\u00e9 et int\u00e9grer la sant\u00e9, l&#8217;incendie, l&#8217;environnement ou la s\u00fbret\u00e9 \u00e0 la d\u00e9marche ? Construire une vision partag\u00e9e \u00e0 tous&hellip; <\/p>\n","protected":false},"author":3,"featured_media":18797,"comment_status":"open","ping_status":"closed","sticky":false,"template":"","format":"standard","meta":{"footnotes":""},"categories":[109,6,19],"tags":[],"class_list":["post-18796","post","type-post","status-publish","format-standard","has-post-thumbnail","hentry","category-francais","category-livros","category-risco-e-perdas"],"views":130,"_links":{"self":[{"href":"https:\/\/www.bibliotecadeseguranca.com.br\/fr\/wp-json\/wp\/v2\/posts\/18796","targetHints":{"allow":["GET"]}}],"collection":[{"href":"https:\/\/www.bibliotecadeseguranca.com.br\/fr\/wp-json\/wp\/v2\/posts"}],"about":[{"href":"https:\/\/www.bibliotecadeseguranca.com.br\/fr\/wp-json\/wp\/v2\/types\/post"}],"author":[{"embeddable":true,"href":"https:\/\/www.bibliotecadeseguranca.com.br\/fr\/wp-json\/wp\/v2\/users\/3"}],"replies":[{"embeddable":true,"href":"https:\/\/www.bibliotecadeseguranca.com.br\/fr\/wp-json\/wp\/v2\/comments?post=18796"}],"version-history":[{"count":1,"href":"https:\/\/www.bibliotecadeseguranca.com.br\/fr\/wp-json\/wp\/v2\/posts\/18796\/revisions"}],"predecessor-version":[{"id":18798,"href":"https:\/\/www.bibliotecadeseguranca.com.br\/fr\/wp-json\/wp\/v2\/posts\/18796\/revisions\/18798"}],"wp:featuredmedia":[{"embeddable":true,"href":"https:\/\/www.bibliotecadeseguranca.com.br\/fr\/wp-json\/wp\/v2\/media\/18797"}],"wp:attachment":[{"href":"https:\/\/www.bibliotecadeseguranca.com.br\/fr\/wp-json\/wp\/v2\/media?parent=18796"}],"wp:term":[{"taxonomy":"category","embeddable":true,"href":"https:\/\/www.bibliotecadeseguranca.com.br\/fr\/wp-json\/wp\/v2\/categories?post=18796"},{"taxonomy":"post_tag","embeddable":true,"href":"https:\/\/www.bibliotecadeseguranca.com.br\/fr\/wp-json\/wp\/v2\/tags?post=18796"}],"curies":[{"name":"wp","href":"https:\/\/api.w.org\/{rel}","templated":true}]}}