{"id":18772,"date":"2023-02-27T14:00:24","date_gmt":"2023-02-27T17:00:24","guid":{"rendered":"https:\/\/www.bibliotecadeseguranca.com.br\/fr\/?p=18772"},"modified":"2023-02-27T12:53:48","modified_gmt":"2023-02-27T15:53:48","slug":"revista-fenavist-ano-xix-n-41-agosto-2022","status":"publish","type":"post","link":"https:\/\/www.bibliotecadeseguranca.com.br\/fr\/periodicos-de-seguranca\/revista-fenavist-ano-xix-n-41-agosto-2022\/","title":{"rendered":"Revista Fenavist \u2013 Ano XIX \u2013 N 41 \u2013 Agosto 2022"},"content":{"rendered":"<p><span style=\"color: #003366;\"><strong><img loading=\"lazy\" decoding=\"async\" class=\"alignleft size-full wp-image-18773\" src=\"https:\/\/www.bibliotecadeseguranca.com.br\/fr\/wp-content\/uploads\/2023\/02\/revista-fenavist-ano-xix-n-41-agosto-2022.jpg\" alt=\"Revista Fenavist \u2013 Ano XIX \u2013 N 41 \u2013 Agosto 2022\" width=\"145\" height=\"194\" srcset=\"https:\/\/www.bibliotecadeseguranca.com.br\/fr\/wp-content\/uploads\/2023\/02\/revista-fenavist-ano-xix-n-41-agosto-2022.jpg 145w, https:\/\/www.bibliotecadeseguranca.com.br\/fr\/wp-content\/uploads\/2023\/02\/revista-fenavist-ano-xix-n-41-agosto-2022-112x150.jpg 112w\" sizes=\"auto, (max-width: 145px) 100vw, 145px\" \/>R\u00e9sum\u00e9:<\/strong><\/span> NOSSO APOIO DEPENDER\u00c1 DO COMPROMISSO COM A SEGURAN\u00c7A PRIVADA<\/p>\n<p>Quando assumi a Federa\u00e7\u00e3o Nacional das Empresas de Seguran\u00e7a e Transporte de Valores (Fenavist), em 2014, para o meu primeiro mandato, digo a todos, j\u00e1 tinha no\u00e7\u00e3o de que o desafio era enorme, mas ele se tornou ainda maior com a crise econ\u00f4mica iniciada em 2015 e acentuada nos anos subsequentes por quest\u00f5es pol\u00edticas, pandemia e agora a invas\u00e3o da Ucr\u00e2nia.<br \/>\nAo lado de grandes empres\u00e1rios da seguran\u00e7a privada, acabo de iniciar uma nova jornada \u00e0 frente da Federa\u00e7\u00e3o Nacional das Empresas de Seguran\u00e7a e Transporte de Valores (Fenavist). Os desafios s\u00e3o enormes para os pr\u00f3ximos quatro anos e sabemos das dificuldades. O maior e mais importante \u00e9 aprovar o novo Estatuto da Seguran\u00e7a Privada, fundamental para que o setor possa, a partir da aprova\u00e7\u00e3o da nova lei, se modernizar, voltar a crescer e ocupar o seu devido lugar no setor econ\u00f4mico do Pa\u00eds como um dos setores que mais empregam e geram renda para as fam\u00edlias.<br \/>\nOutro grande desafio ser\u00e1 a quest\u00e3o da Reforma Tribut\u00e1ria, que deve voltar a ser discutida no in\u00edcio do pr\u00f3ximo ano, com o novo governo. Entendemos que o Pa\u00eds precisa de uma reforma tribut\u00e1ria mais justa na forma de tributar, mais simplificada, mas o apoio do nosso setor depender\u00e1 do entendimento de que o setor de servi\u00e7os \u00e9 o que mais emprega, portanto n\u00e3o pode ser apenado com aumento de carga tribut\u00e1ria, ao contr\u00e1rio, deve ser incentivado a criar mais empregos, o que s\u00f3 \u00e9 poss\u00edvel com a redu\u00e7\u00e3o da alta carga tribut\u00e1ria hoje imposta sobre a folha de pagamento.<br \/>\nVamos continuar a defender a desonera\u00e7\u00e3o da folha de pagamentos. S\u00f3 assim teremos um desenvolvimento sustent\u00e1vel do nosso setor que se ressente das \u00faltimas crises econ\u00f4micas e tamb\u00e9m do enfrentamento da pandemia nos \u00faltimos anos. Portanto, apesar do pleito eleitoral nos pr\u00f3ximos tr\u00eas meses, quando o Congresso diminui o ritmo de trabalho, continuaremos lutando pela aprova\u00e7\u00e3o, pelo Senado Federal, do Estatuto da Seguran\u00e7a Privada ainda este ano.<br \/>\nEm meio ao cen\u00e1rio eleitoral, quando os candidatos se voltam para a busca de apoio em suas bases eleitorais, vislumbro uma grande oportunidade de apoiarmos candidatos realmente comprometidos com o setor da seguran\u00e7a privada em cada estado. Por interm\u00e9dio dos nossos sindicatos, em todos os estados brasileiros, devemos participar ativamente do processo eleitoral, buscando apoiar candidatos ao cargo de deputado federal e a senador afinados e comprometidos com o nosso setor. \u00c9 uma via de m\u00e3o dupla, pois todos os nossos presidentes de sindicatos sabem o quanto os candidatos precisam do nosso apoio pol\u00edtico nos estados e o quanto precisamos deles para defender o nosso setor no Congresso Nacional. Al\u00e9m disso, os novos parlamentares ter\u00e3o, nos pr\u00f3ximos anos, um grande desafio de trabalhar pela retomada da economia do Pa\u00eds, o que \u00e9 fundamental para o crescimento e desenvolvimento da nossa atividade.<br \/>\nNo mundo todo, a seguran\u00e7a privada s\u00f3 cresce e desenvolve em pa\u00edses com economia forte.<br \/>\nN\u00e3o podemos mais repetir os n\u00fameros dos \u00faltimos anos.<br \/>\nDados do Anu\u00e1rio Brasileiro de Seguran\u00e7a P\u00fablica apontam que, entre mar\u00e7o de 2021 e mar\u00e7o deste ano, o segmento perdeu 30 mil postos de trabalho, situa\u00e7\u00e3o recorrente desde 2019. Outro indicador importante \u00e9 que, mesmo com uma infla\u00e7\u00e3o de mais de 20% no per\u00edodo, desde 2018 o faturamento bruto tem se mantido praticamente est\u00e1vel. Ou seja, h\u00e1 um encolhimento claro da atividade.<br \/>\nDiante desse cen\u00e1rio, nosso apoio a qualquer candidato ou projeto pol\u00edtico deve passar pelo compromisso daqueles que apoiamos com a defesa dos leg\u00edtimos interesses do setor da seguran\u00e7a privada.<br \/>\nChega de promessas vazias e n\u00e3o cumpridas.<br \/>\nSomos um dos principais pagadores de impostos do Pa\u00eds e respons\u00e1veis pelo sustento de mais de meio milh\u00e3o de fam\u00edlias. Somos grandes e merecemos respeito.<\/p>\n<p>Continuamos na luta!<\/p>\n<p>Jeferson Naz\u00e1rio<br \/>\nPresidente da Fenavist<\/p>\n<p><a href=\"https:\/\/www.bibliotecadeseguranca.com.br\/wp-content\/uploads\/2023\/02\/revista-fenavist-ano-xix-n-41-agosto-2022.pdf\" target=\"_blank\" rel=\"noopener\"><img loading=\"lazy\" decoding=\"async\" class=\"alignleft wp-image-12143 size-full\" src=\"https:\/\/www.bibliotecadeseguranca.com.br\/fr\/wp-content\/uploads\/2015\/03\/download_fr.gif\" alt=\"T\u00e9l\u00e9charger\" width=\"107\" height=\"25\" \/><\/a><\/p>\n","protected":false},"excerpt":{"rendered":"<p>R\u00e9sum\u00e9: NOSSO APOIO DEPENDER\u00c1 DO COMPROMISSO COM A SEGURAN\u00c7A PRIVADA Quando assumi a Federa\u00e7\u00e3o Nacional das Empresas de Seguran\u00e7a e Transporte de Valores (Fenavist), em 2014, para o meu primeiro mandato, digo a todos, j\u00e1 tinha no\u00e7\u00e3o de que o desafio era enorme, mas ele se tornou ainda maior com a crise econ\u00f4mica iniciada em 2015 e acentuada nos anos subsequentes por quest\u00f5es pol\u00edticas, pandemia e agora a invas\u00e3o da&hellip; <\/p>\n","protected":false},"author":3,"featured_media":18773,"comment_status":"open","ping_status":"closed","sticky":false,"template":"","format":"standard","meta":{"footnotes":""},"categories":[124,71,112],"tags":[],"class_list":["post-18772","post","type-post","status-publish","format-standard","has-post-thumbnail","hentry","category-revista-fenavist","category-periodicos-de-seguranca","category-download"],"views":252,"_links":{"self":[{"href":"https:\/\/www.bibliotecadeseguranca.com.br\/fr\/wp-json\/wp\/v2\/posts\/18772","targetHints":{"allow":["GET"]}}],"collection":[{"href":"https:\/\/www.bibliotecadeseguranca.com.br\/fr\/wp-json\/wp\/v2\/posts"}],"about":[{"href":"https:\/\/www.bibliotecadeseguranca.com.br\/fr\/wp-json\/wp\/v2\/types\/post"}],"author":[{"embeddable":true,"href":"https:\/\/www.bibliotecadeseguranca.com.br\/fr\/wp-json\/wp\/v2\/users\/3"}],"replies":[{"embeddable":true,"href":"https:\/\/www.bibliotecadeseguranca.com.br\/fr\/wp-json\/wp\/v2\/comments?post=18772"}],"version-history":[{"count":1,"href":"https:\/\/www.bibliotecadeseguranca.com.br\/fr\/wp-json\/wp\/v2\/posts\/18772\/revisions"}],"predecessor-version":[{"id":18774,"href":"https:\/\/www.bibliotecadeseguranca.com.br\/fr\/wp-json\/wp\/v2\/posts\/18772\/revisions\/18774"}],"wp:featuredmedia":[{"embeddable":true,"href":"https:\/\/www.bibliotecadeseguranca.com.br\/fr\/wp-json\/wp\/v2\/media\/18773"}],"wp:attachment":[{"href":"https:\/\/www.bibliotecadeseguranca.com.br\/fr\/wp-json\/wp\/v2\/media?parent=18772"}],"wp:term":[{"taxonomy":"category","embeddable":true,"href":"https:\/\/www.bibliotecadeseguranca.com.br\/fr\/wp-json\/wp\/v2\/categories?post=18772"},{"taxonomy":"post_tag","embeddable":true,"href":"https:\/\/www.bibliotecadeseguranca.com.br\/fr\/wp-json\/wp\/v2\/tags?post=18772"}],"curies":[{"name":"wp","href":"https:\/\/api.w.org\/{rel}","templated":true}]}}