{"id":18740,"date":"2023-02-09T14:00:16","date_gmt":"2023-02-09T17:00:16","guid":{"rendered":"https:\/\/www.bibliotecadeseguranca.com.br\/fr\/?p=18740"},"modified":"2023-02-09T13:20:15","modified_gmt":"2023-02-09T16:20:15","slug":"les-etats-a-lepreuve-de-la-securite","status":"publish","type":"post","link":"https:\/\/www.bibliotecadeseguranca.com.br\/fr\/livros\/les-etats-a-lepreuve-de-la-securite\/","title":{"rendered":"Les Etats \u00e0 l&#8217;\u00e9preuve de la s\u00e9curit\u00e9"},"content":{"rendered":"<p><span style=\"color: #003366;\"><strong><img loading=\"lazy\" decoding=\"async\" class=\"alignleft size-full wp-image-18741\" src=\"https:\/\/www.bibliotecadeseguranca.com.br\/fr\/wp-content\/uploads\/2023\/02\/les-etats-a-lepreuve-de-la-securite.jpg\" alt=\"Les Etats \u00e0 l'\u00e9preuve de la s\u00e9curit\u00e9\" width=\"145\" height=\"216\" srcset=\"https:\/\/www.bibliotecadeseguranca.com.br\/fr\/wp-content\/uploads\/2023\/02\/les-etats-a-lepreuve-de-la-securite.jpg 145w, https:\/\/www.bibliotecadeseguranca.com.br\/fr\/wp-content\/uploads\/2023\/02\/les-etats-a-lepreuve-de-la-securite-101x150.jpg 101w\" sizes=\"auto, (max-width: 145px) 100vw, 145px\" \/>PUG<\/strong><\/span><\/p>\n<p><span style=\"color: #003366;\"><strong>R\u00e9sum\u00e9:<\/strong><\/span> La s\u00e9curit\u00e9 est une probl\u00e9matique r\u00e9cente qui relaie celle, traditionnelle de l&#8217;ordre public. Depuis une vingtaine d&#8217;ann\u00e9es, elle est mise en oeuvre dans plusieurs types de politiques: pr\u00e9vention de la d\u00e9linquance, politique de la ville, s\u00e9curit\u00e9 urbaine et aujourd&#8217;hui s\u00e9curit\u00e9 int\u00e9rieure. Con\u00e7ue \u00e0 l&#8217;origine dans un cadre national, elle a peu \u00e0 peu pris une dimension europ\u00e9enne, voire internationale. Par ailleurs, la s\u00e9curit\u00e9 a cr\u00e9\u00e9 de nombreuses dynamiques. Se pr\u00e9sentant comme une offre r\u00e9pondant \u00e0 une demande sociale, elle a engendr\u00e9 de nouvelles pratiques sociales. Invalidant la rigidit\u00e9 de la s\u00e9paration entre le public et le priv\u00e9, obligeant les partenaires publics \u00e0 red\u00e9finir la relation du national et du local, interrogeant les libert\u00e9s publiques, elle a entra\u00een\u00e9 de profonds changements dans les structures administratives et dans les modes de r\u00e9gulation des m\u00e9canismes sociaux, judiciaires et policiers. V\u00e9ritable laboratoire de changement, la s\u00e9curit\u00e9 interroge les notions de R\u00e9publique et de d\u00e9mocratie. Il est ainsi possible de se demander si elle n&#8217;est pas l&#8217;un des lieux majeurs o\u00f9 l&#8217;\u00c9tat est en train de se recomposer. Enfin, la s\u00e9curit\u00e9 fait partie de ces nouveaux objets scientifiques qui font \u00e9voluer les sciences sociales.<\/p>\n<p>Cet ouvrage combine les interventions de chercheurs et praticiens \u00e0 l&#8217;occasion de deux s\u00e9minaires sur la s\u00e9curit\u00e9 organis\u00e9s par le Centre d&#8217;\u00e9tudes et de recherche sur le droit et l&#8217;administration publique (CERDAP) de la facult\u00e9 de droit de Grenoble. Enrichi par des contributions suppl\u00e9mentaires de sp\u00e9cialistes de ces questions, il a pour objet de permettre \u00e0 tous ceux qui travaillent dans et sur ce champ de confronter leurs points de vue, de faire un bilan des probl\u00e9matiques de la s\u00e9curit\u00e9 int\u00e9rieure dans un contexte europ\u00e9en et international et d&#8217;identifier les enjeux majeurs, tant politiques que th\u00e9oriques, sous-jacents aux politiques d\u00e9finies dans ce domaine.<\/p>\n","protected":false},"excerpt":{"rendered":"<p>PUG R\u00e9sum\u00e9: La s\u00e9curit\u00e9 est une probl\u00e9matique r\u00e9cente qui relaie celle, traditionnelle de l&#8217;ordre public. Depuis une vingtaine d&#8217;ann\u00e9es, elle est mise en oeuvre dans plusieurs types de politiques: pr\u00e9vention de la d\u00e9linquance, politique de la ville, s\u00e9curit\u00e9 urbaine et aujourd&#8217;hui s\u00e9curit\u00e9 int\u00e9rieure. Con\u00e7ue \u00e0 l&#8217;origine dans un cadre national, elle a peu \u00e0 peu pris une dimension europ\u00e9enne, voire internationale. Par ailleurs, la s\u00e9curit\u00e9 a cr\u00e9\u00e9 de nombreuses dynamiques.&hellip; <\/p>\n","protected":false},"author":3,"featured_media":18741,"comment_status":"open","ping_status":"closed","sticky":false,"template":"","format":"standard","meta":{"footnotes":""},"categories":[109,6,25],"tags":[],"class_list":["post-18740","post","type-post","status-publish","format-standard","has-post-thumbnail","hentry","category-francais","category-livros","category-seguranca-publica-e-defesa"],"views":269,"_links":{"self":[{"href":"https:\/\/www.bibliotecadeseguranca.com.br\/fr\/wp-json\/wp\/v2\/posts\/18740","targetHints":{"allow":["GET"]}}],"collection":[{"href":"https:\/\/www.bibliotecadeseguranca.com.br\/fr\/wp-json\/wp\/v2\/posts"}],"about":[{"href":"https:\/\/www.bibliotecadeseguranca.com.br\/fr\/wp-json\/wp\/v2\/types\/post"}],"author":[{"embeddable":true,"href":"https:\/\/www.bibliotecadeseguranca.com.br\/fr\/wp-json\/wp\/v2\/users\/3"}],"replies":[{"embeddable":true,"href":"https:\/\/www.bibliotecadeseguranca.com.br\/fr\/wp-json\/wp\/v2\/comments?post=18740"}],"version-history":[{"count":1,"href":"https:\/\/www.bibliotecadeseguranca.com.br\/fr\/wp-json\/wp\/v2\/posts\/18740\/revisions"}],"predecessor-version":[{"id":18742,"href":"https:\/\/www.bibliotecadeseguranca.com.br\/fr\/wp-json\/wp\/v2\/posts\/18740\/revisions\/18742"}],"wp:featuredmedia":[{"embeddable":true,"href":"https:\/\/www.bibliotecadeseguranca.com.br\/fr\/wp-json\/wp\/v2\/media\/18741"}],"wp:attachment":[{"href":"https:\/\/www.bibliotecadeseguranca.com.br\/fr\/wp-json\/wp\/v2\/media?parent=18740"}],"wp:term":[{"taxonomy":"category","embeddable":true,"href":"https:\/\/www.bibliotecadeseguranca.com.br\/fr\/wp-json\/wp\/v2\/categories?post=18740"},{"taxonomy":"post_tag","embeddable":true,"href":"https:\/\/www.bibliotecadeseguranca.com.br\/fr\/wp-json\/wp\/v2\/tags?post=18740"}],"curies":[{"name":"wp","href":"https:\/\/api.w.org\/{rel}","templated":true}]}}