{"id":18734,"date":"2023-02-06T14:00:32","date_gmt":"2023-02-06T17:00:32","guid":{"rendered":"https:\/\/www.bibliotecadeseguranca.com.br\/fr\/?p=18734"},"modified":"2023-02-06T13:00:14","modified_gmt":"2023-02-06T16:00:14","slug":"seguranca-publica-panorama-institucional-enfrentamento-e-controle-da-criminalidade","status":"publish","type":"post","link":"https:\/\/www.bibliotecadeseguranca.com.br\/fr\/livros\/seguranca-publica-panorama-institucional-enfrentamento-e-controle-da-criminalidade\/","title":{"rendered":"Seguran\u00e7a P\u00fablica &#8211; Panorama Institucional, Enfrentamento e Controle da Criminalidade"},"content":{"rendered":"<p><span style=\"color: #003366;\"><strong><img loading=\"lazy\" decoding=\"async\" class=\"alignleft size-full wp-image-18735\" src=\"https:\/\/www.bibliotecadeseguranca.com.br\/fr\/wp-content\/uploads\/2023\/02\/seguranca-publica-panorama-institucional-enfrentamento-e-controle-da-criminalidade.jpg\" alt=\"Seguran\u00e7a P\u00fablica - Panorama Institucional, Enfrentamento e Controle da Criminalidade\" width=\"145\" height=\"205\" srcset=\"https:\/\/www.bibliotecadeseguranca.com.br\/fr\/wp-content\/uploads\/2023\/02\/seguranca-publica-panorama-institucional-enfrentamento-e-controle-da-criminalidade.jpg 145w, https:\/\/www.bibliotecadeseguranca.com.br\/fr\/wp-content\/uploads\/2023\/02\/seguranca-publica-panorama-institucional-enfrentamento-e-controle-da-criminalidade-106x150.jpg 106w\" sizes=\"auto, (max-width: 145px) 100vw, 145px\" \/>Tiago Castelo Branco Ribeiro<\/strong><\/span><\/p>\n<p><span style=\"color: #003366;\"><strong>Maison d&#8217;\u00e9dition Juru\u00e1<\/strong><\/span><\/p>\n<p><span style=\"color: #003366;\"><strong>R\u00e9sum\u00e9:<\/strong><\/span> Ante a escalada da criminalidade, este estudo se prop\u00f5e a entender por que a Seguran\u00e7a P\u00fablica brasileira n\u00e3o adota as medidas necess\u00e1rias para o enfrentamento e o controle deste problema que assola toda a sociedade. Olhando para a Seguran\u00e7a P\u00fablica a partir de uma abordagem institucional, a hip\u00f3tese a ser testada \u00e9 a de que a quantidade de atores com poder de veto entre si impede essas mudan\u00e7as, \u00e0 luz da Teoria de George Tsebelis. Para isso foram analisados os conte\u00fados das PECs que prop\u00f5em altera\u00e7\u00f5es na estrutura da Seguran\u00e7a P\u00fablica, sendo poss\u00edvel uma an\u00e1lise quantitativa que permitiu constatar como cada ator \u2013 Uni\u00e3o, Governos Estaduais, Pol\u00edcias Militares e Civis \u2013 se comporta frente a essas propostas. E a an\u00e1lise qualitativa dos conte\u00fados das PECs permitiu-nos apresentar um panorama geral de todos os grandes temas que cercam a seguran\u00e7a p\u00fablica atualmente e como cada ator se posiciona diante de cada mat\u00e9ria. Concluiu-se que o caminho para a evolu\u00e7\u00e3o ou mudan\u00e7as na Seguran\u00e7a P\u00fablica brasileira perpassa, necessariamente, por uma abordagem sist\u00eamica e institucional.<\/p>\n","protected":false},"excerpt":{"rendered":"<p>Tiago Castelo Branco Ribeiro Maison d&#8217;\u00e9dition Juru\u00e1 R\u00e9sum\u00e9: Ante a escalada da criminalidade, este estudo se prop\u00f5e a entender por que a Seguran\u00e7a P\u00fablica brasileira n\u00e3o adota as medidas necess\u00e1rias para o enfrentamento e o controle deste problema que assola toda a sociedade. Olhando para a Seguran\u00e7a P\u00fablica a partir de uma abordagem institucional, a hip\u00f3tese a ser testada \u00e9 a de que a quantidade de atores com poder de&hellip; <\/p>\n","protected":false},"author":3,"featured_media":18735,"comment_status":"open","ping_status":"closed","sticky":false,"template":"","format":"standard","meta":{"footnotes":""},"categories":[6,25],"tags":[],"class_list":["post-18734","post","type-post","status-publish","format-standard","has-post-thumbnail","hentry","category-livros","category-seguranca-publica-e-defesa"],"views":138,"_links":{"self":[{"href":"https:\/\/www.bibliotecadeseguranca.com.br\/fr\/wp-json\/wp\/v2\/posts\/18734","targetHints":{"allow":["GET"]}}],"collection":[{"href":"https:\/\/www.bibliotecadeseguranca.com.br\/fr\/wp-json\/wp\/v2\/posts"}],"about":[{"href":"https:\/\/www.bibliotecadeseguranca.com.br\/fr\/wp-json\/wp\/v2\/types\/post"}],"author":[{"embeddable":true,"href":"https:\/\/www.bibliotecadeseguranca.com.br\/fr\/wp-json\/wp\/v2\/users\/3"}],"replies":[{"embeddable":true,"href":"https:\/\/www.bibliotecadeseguranca.com.br\/fr\/wp-json\/wp\/v2\/comments?post=18734"}],"version-history":[{"count":1,"href":"https:\/\/www.bibliotecadeseguranca.com.br\/fr\/wp-json\/wp\/v2\/posts\/18734\/revisions"}],"predecessor-version":[{"id":18736,"href":"https:\/\/www.bibliotecadeseguranca.com.br\/fr\/wp-json\/wp\/v2\/posts\/18734\/revisions\/18736"}],"wp:featuredmedia":[{"embeddable":true,"href":"https:\/\/www.bibliotecadeseguranca.com.br\/fr\/wp-json\/wp\/v2\/media\/18735"}],"wp:attachment":[{"href":"https:\/\/www.bibliotecadeseguranca.com.br\/fr\/wp-json\/wp\/v2\/media?parent=18734"}],"wp:term":[{"taxonomy":"category","embeddable":true,"href":"https:\/\/www.bibliotecadeseguranca.com.br\/fr\/wp-json\/wp\/v2\/categories?post=18734"},{"taxonomy":"post_tag","embeddable":true,"href":"https:\/\/www.bibliotecadeseguranca.com.br\/fr\/wp-json\/wp\/v2\/tags?post=18734"}],"curies":[{"name":"wp","href":"https:\/\/api.w.org\/{rel}","templated":true}]}}