{"id":18718,"date":"2023-01-30T14:00:16","date_gmt":"2023-01-30T17:00:16","guid":{"rendered":"https:\/\/www.bibliotecadeseguranca.com.br\/fr\/?p=18718"},"modified":"2023-01-30T13:15:42","modified_gmt":"2023-01-30T16:15:42","slug":"seguranca-publica-gestao-conflitos-criminalidade-e-tecnologia-da-informacao","status":"publish","type":"post","link":"https:\/\/www.bibliotecadeseguranca.com.br\/fr\/livros\/seguranca-publica-gestao-conflitos-criminalidade-e-tecnologia-da-informacao\/","title":{"rendered":"Seguran\u00e7a P\u00fablica: Gest\u00e3o, Conflitos, Criminalidade e Tecnologia da Informa\u00e7\u00e3o"},"content":{"rendered":"<p><span style=\"color: #003366;\"><strong><img loading=\"lazy\" decoding=\"async\" class=\"alignleft size-full wp-image-18719\" src=\"https:\/\/www.bibliotecadeseguranca.com.br\/fr\/wp-content\/uploads\/2023\/01\/seguranca-publica-gestao-conflitos-criminalidade-e-tecnologia-da-informacao.jpg\" alt=\"Seguran\u00e7a P\u00fablica: Gest\u00e3o, Conflitos, Criminalidade e Tecnologia da Informa\u00e7\u00e3o\" width=\"145\" height=\"205\" srcset=\"https:\/\/www.bibliotecadeseguranca.com.br\/fr\/wp-content\/uploads\/2023\/01\/seguranca-publica-gestao-conflitos-criminalidade-e-tecnologia-da-informacao.jpg 145w, https:\/\/www.bibliotecadeseguranca.com.br\/fr\/wp-content\/uploads\/2023\/01\/seguranca-publica-gestao-conflitos-criminalidade-e-tecnologia-da-informacao-106x150.jpg 106w\" sizes=\"auto, (max-width: 145px) 100vw, 145px\" \/>Silvia dos Santos de Almeida, Adrilayne dos Reis Ara\u00fajo, Edson Marcos Leal Soares Ramos<\/strong><\/span><\/p>\n<p><span style=\"color: #003366;\"><strong>R\u00e9sum\u00e9:<\/strong><\/span> A viol\u00eancia \u00e9 um fen\u00f4meno complexo, resultante e causador de diversas determina\u00e7\u00f5es e interpreta\u00e7\u00f5es sociais e tem ganhado nos \u00faltimos anos aten\u00e7\u00e3o especial. Sua exist\u00eancia decorre desde os prim\u00f3rdios, assumindo novas formas \u00e0 medida que o homem vem construindo as sociedades ao longo dos anos.<br \/>\nNo campo da Seguran\u00e7a P\u00fablica a viol\u00eancia \u00e9 estudada visando compreender sua din\u00e2mica e os mecanismos adotados pelo Estado e pela sociedade em prol de sua preven\u00e7\u00e3o e controle. Neste contexto, este livro foi elaborado objetivando apresentar artigos oriundos de pesquisas relacionadas \u00e0 Seguran\u00e7a P\u00fablica, com \u00eanfase aos seguimentos: gest\u00e3o, conflitos, criminalidade e tecnologia da informa\u00e7\u00e3o.<br \/>\nA experi\u00eancia e a composi\u00e7\u00e3o multidisciplinar dos autores no campo da Seguran\u00e7a P\u00fablica merecem destaque, pois propiciam a compreens\u00e3o mais profunda de quest\u00f5es relacionadas a gest\u00e3o, viol\u00eancia de g\u00eanero, viol\u00eancia urbana, crimes tecnol\u00f3gicos, homic\u00eddios, sistema prisional, sa\u00fade, educa\u00e7\u00e3o, tr\u00e1fico de pessoas e crimes de tr\u00e2nsito. Os resultados das pesquisas demonstram ser extremamente necess\u00e1ria a ado\u00e7\u00e3o imediata de pol\u00edticas que visem ao enfrentamento da viol\u00eancia, com o intuito de evitar que esta tome propor\u00e7\u00f5es alarmantes.<br \/>\nFinalmente, esta obra \u00e9 destinada a agentes de seguran\u00e7a p\u00fablica e privada, alunos de gradua\u00e7\u00e3o e p\u00f3s-gradua\u00e7\u00e3o em seguran\u00e7a p\u00fablica e todos aqueles que se preocupam em encontrar solu\u00e7\u00f5es para os problemas da Seguran\u00e7a P\u00fablica.<\/p>\n<p><a href=\"https:\/\/www.bibliotecadeseguranca.com.br\/wp-content\/uploads\/2023\/01\/seguranca-publica-gestao-conflitos-criminalidade-e-tecnologia-da-informacao.pdf\" target=\"_blank\" rel=\"noopener\"><img loading=\"lazy\" decoding=\"async\" class=\"alignleft wp-image-12143 size-full\" src=\"https:\/\/www.bibliotecadeseguranca.com.br\/fr\/wp-content\/uploads\/2015\/03\/download_fr.gif\" alt=\"T\u00e9l\u00e9charger\" width=\"107\" height=\"25\" \/><\/a><\/p>\n","protected":false},"excerpt":{"rendered":"<p>Silvia dos Santos de Almeida, Adrilayne dos Reis Ara\u00fajo, Edson Marcos Leal Soares Ramos R\u00e9sum\u00e9: A viol\u00eancia \u00e9 um fen\u00f4meno complexo, resultante e causador de diversas determina\u00e7\u00f5es e interpreta\u00e7\u00f5es sociais e tem ganhado nos \u00faltimos anos aten\u00e7\u00e3o especial. Sua exist\u00eancia decorre desde os prim\u00f3rdios, assumindo novas formas \u00e0 medida que o homem vem construindo as sociedades ao longo dos anos. No campo da Seguran\u00e7a P\u00fablica a viol\u00eancia \u00e9 estudada visando&hellip; <\/p>\n","protected":false},"author":3,"featured_media":18719,"comment_status":"open","ping_status":"closed","sticky":false,"template":"","format":"standard","meta":{"footnotes":""},"categories":[6,25,112],"tags":[],"class_list":["post-18718","post","type-post","status-publish","format-standard","has-post-thumbnail","hentry","category-livros","category-seguranca-publica-e-defesa","category-download"],"views":687,"_links":{"self":[{"href":"https:\/\/www.bibliotecadeseguranca.com.br\/fr\/wp-json\/wp\/v2\/posts\/18718","targetHints":{"allow":["GET"]}}],"collection":[{"href":"https:\/\/www.bibliotecadeseguranca.com.br\/fr\/wp-json\/wp\/v2\/posts"}],"about":[{"href":"https:\/\/www.bibliotecadeseguranca.com.br\/fr\/wp-json\/wp\/v2\/types\/post"}],"author":[{"embeddable":true,"href":"https:\/\/www.bibliotecadeseguranca.com.br\/fr\/wp-json\/wp\/v2\/users\/3"}],"replies":[{"embeddable":true,"href":"https:\/\/www.bibliotecadeseguranca.com.br\/fr\/wp-json\/wp\/v2\/comments?post=18718"}],"version-history":[{"count":1,"href":"https:\/\/www.bibliotecadeseguranca.com.br\/fr\/wp-json\/wp\/v2\/posts\/18718\/revisions"}],"predecessor-version":[{"id":18720,"href":"https:\/\/www.bibliotecadeseguranca.com.br\/fr\/wp-json\/wp\/v2\/posts\/18718\/revisions\/18720"}],"wp:featuredmedia":[{"embeddable":true,"href":"https:\/\/www.bibliotecadeseguranca.com.br\/fr\/wp-json\/wp\/v2\/media\/18719"}],"wp:attachment":[{"href":"https:\/\/www.bibliotecadeseguranca.com.br\/fr\/wp-json\/wp\/v2\/media?parent=18718"}],"wp:term":[{"taxonomy":"category","embeddable":true,"href":"https:\/\/www.bibliotecadeseguranca.com.br\/fr\/wp-json\/wp\/v2\/categories?post=18718"},{"taxonomy":"post_tag","embeddable":true,"href":"https:\/\/www.bibliotecadeseguranca.com.br\/fr\/wp-json\/wp\/v2\/tags?post=18718"}],"curies":[{"name":"wp","href":"https:\/\/api.w.org\/{rel}","templated":true}]}}