{"id":18629,"date":"2022-12-16T14:00:04","date_gmt":"2022-12-16T17:00:04","guid":{"rendered":"https:\/\/www.bibliotecadeseguranca.com.br\/fr\/?p=18629"},"modified":"2022-12-16T13:21:56","modified_gmt":"2022-12-16T16:21:56","slug":"les-politiques-publiques-locales-de-securite-interieure","status":"publish","type":"post","link":"https:\/\/www.bibliotecadeseguranca.com.br\/fr\/livros\/les-politiques-publiques-locales-de-securite-interieure\/","title":{"rendered":"Les Politiques Publiques Locales de S\u00e9curit\u00e9 Int\u00e9rieure"},"content":{"rendered":"<p><span style=\"color: #003366;\"><strong><img loading=\"lazy\" decoding=\"async\" class=\"alignleft size-full wp-image-18630\" src=\"https:\/\/www.bibliotecadeseguranca.com.br\/fr\/wp-content\/uploads\/2022\/12\/les-politiques-publiques-locales-de-securite-interieure.jpg\" alt=\"Les Politiques Publiques Locales de S\u00e9curit\u00e9 Int\u00e9rieure\" width=\"145\" height=\"228\" srcset=\"https:\/\/www.bibliotecadeseguranca.com.br\/fr\/wp-content\/uploads\/2022\/12\/les-politiques-publiques-locales-de-securite-interieure.jpg 145w, https:\/\/www.bibliotecadeseguranca.com.br\/fr\/wp-content\/uploads\/2022\/12\/les-politiques-publiques-locales-de-securite-interieure-95x150.jpg 95w\" sizes=\"auto, (max-width: 145px) 100vw, 145px\" \/>Nadine Dantonel-Cor<\/strong><\/span><\/p>\n<p><span style=\"color: #003366;\"><strong>Maison d&#8217;\u00e9dition L&#8217;Harmattan<\/strong><\/span><\/p>\n<p><span style=\"color: #003366;\"><strong>R\u00e9sum\u00e9:<\/strong><\/span> Les politiques publiques locales de s\u00e9curit\u00e9 int\u00e9rieure prennent depuis quelques ann\u00e9es une ampleur consid\u00e9rable, et les questions de s\u00e9curit\u00e9 deviennent de v\u00e9ritables enjeux politiques, \u00e9conomiques et sociaux, tant au niveau national que territorial. Le risque s\u00e9curitaire touche les milieux urbains, p\u00e9riurbains et ruraux, et la volont\u00e9 de favoriser la \u00ab paix territoriale \u00bb constitue une priorit\u00e9 pour les autorit\u00e9s publiques. Les diff\u00e9rentes analyses r\u00e9unies dans cet ouvrage portent un regard approfondi, issu de la recherche et de la pratique, sur les \u00e9volutions transversales dans la mise en oeuvre de ces politiques locales de s\u00e9curit\u00e9 et sur les nombreux partenariats qui se nouent, soit entre l&#8217;\u00c9tat et les collectivit\u00e9s territoriales, soit entre les collectivit\u00e9s publiques et les partenaires priv\u00e9s.<br \/>\nL&#8217;ouvrage ambitionne de r\u00e9pondre aux nombreuses questions relatives \u00e0 la mise en oeuvre des politiques publiques de s\u00e9curit\u00e9 int\u00e9rieure et incite \u00e0 r\u00e9fl\u00e9chir sur les orientations \u00e0 donner aux futures d\u00e9cisions adopt\u00e9es dans ces domaines.<\/p>\n","protected":false},"excerpt":{"rendered":"<p>Nadine Dantonel-Cor Maison d&#8217;\u00e9dition L&#8217;Harmattan R\u00e9sum\u00e9: Les politiques publiques locales de s\u00e9curit\u00e9 int\u00e9rieure prennent depuis quelques ann\u00e9es une ampleur consid\u00e9rable, et les questions de s\u00e9curit\u00e9 deviennent de v\u00e9ritables enjeux politiques, \u00e9conomiques et sociaux, tant au niveau national que territorial. Le risque s\u00e9curitaire touche les milieux urbains, p\u00e9riurbains et ruraux, et la volont\u00e9 de favoriser la \u00ab paix territoriale \u00bb constitue une priorit\u00e9 pour les autorit\u00e9s publiques. Les diff\u00e9rentes analyses r\u00e9unies&hellip; <\/p>\n","protected":false},"author":3,"featured_media":18630,"comment_status":"open","ping_status":"closed","sticky":false,"template":"","format":"standard","meta":{"footnotes":""},"categories":[109,6,25],"tags":[],"class_list":["post-18629","post","type-post","status-publish","format-standard","has-post-thumbnail","hentry","category-francais","category-livros","category-seguranca-publica-e-defesa"],"views":237,"_links":{"self":[{"href":"https:\/\/www.bibliotecadeseguranca.com.br\/fr\/wp-json\/wp\/v2\/posts\/18629","targetHints":{"allow":["GET"]}}],"collection":[{"href":"https:\/\/www.bibliotecadeseguranca.com.br\/fr\/wp-json\/wp\/v2\/posts"}],"about":[{"href":"https:\/\/www.bibliotecadeseguranca.com.br\/fr\/wp-json\/wp\/v2\/types\/post"}],"author":[{"embeddable":true,"href":"https:\/\/www.bibliotecadeseguranca.com.br\/fr\/wp-json\/wp\/v2\/users\/3"}],"replies":[{"embeddable":true,"href":"https:\/\/www.bibliotecadeseguranca.com.br\/fr\/wp-json\/wp\/v2\/comments?post=18629"}],"version-history":[{"count":1,"href":"https:\/\/www.bibliotecadeseguranca.com.br\/fr\/wp-json\/wp\/v2\/posts\/18629\/revisions"}],"predecessor-version":[{"id":18631,"href":"https:\/\/www.bibliotecadeseguranca.com.br\/fr\/wp-json\/wp\/v2\/posts\/18629\/revisions\/18631"}],"wp:featuredmedia":[{"embeddable":true,"href":"https:\/\/www.bibliotecadeseguranca.com.br\/fr\/wp-json\/wp\/v2\/media\/18630"}],"wp:attachment":[{"href":"https:\/\/www.bibliotecadeseguranca.com.br\/fr\/wp-json\/wp\/v2\/media?parent=18629"}],"wp:term":[{"taxonomy":"category","embeddable":true,"href":"https:\/\/www.bibliotecadeseguranca.com.br\/fr\/wp-json\/wp\/v2\/categories?post=18629"},{"taxonomy":"post_tag","embeddable":true,"href":"https:\/\/www.bibliotecadeseguranca.com.br\/fr\/wp-json\/wp\/v2\/tags?post=18629"}],"curies":[{"name":"wp","href":"https:\/\/api.w.org\/{rel}","templated":true}]}}