{"id":18619,"date":"2022-12-12T14:00:18","date_gmt":"2022-12-12T17:00:18","guid":{"rendered":"https:\/\/www.bibliotecadeseguranca.com.br\/fr\/?p=18619"},"modified":"2022-12-12T12:29:17","modified_gmt":"2022-12-12T15:29:17","slug":"seguranca-publica-8","status":"publish","type":"post","link":"https:\/\/www.bibliotecadeseguranca.com.br\/fr\/livros\/seguranca-publica-8\/","title":{"rendered":"Seguran\u00e7a P\u00fablica"},"content":{"rendered":"<p><span style=\"color: #003366;\"><strong><img loading=\"lazy\" decoding=\"async\" class=\"alignleft size-full wp-image-18620\" src=\"https:\/\/www.bibliotecadeseguranca.com.br\/fr\/wp-content\/uploads\/2022\/12\/seguranca-publica.jpg\" alt=\"Seguran\u00e7a P\u00fablica\" width=\"145\" height=\"205\" srcset=\"https:\/\/www.bibliotecadeseguranca.com.br\/fr\/wp-content\/uploads\/2022\/12\/seguranca-publica.jpg 145w, https:\/\/www.bibliotecadeseguranca.com.br\/fr\/wp-content\/uploads\/2022\/12\/seguranca-publica-106x150.jpg 106w\" sizes=\"auto, (max-width: 145px) 100vw, 145px\" \/>L\u00edbero Penello de Carvalho Filho<\/strong><\/span><\/p>\n<p><span style=\"color: #003366;\"><strong>R\u00e9sum\u00e9:<\/strong><\/span> Seguran\u00e7a p\u00fablica &#8211; estamos lutando a guerra errada, de L\u00edbero Penello de Carvalho Filho. \u00e9 indiscut\u00edvel que se trava, hoje em dia, uma guerra contra a criminalidade, tendo, de um lado, o Estado e, de outro, o criminoso. O Estado defende seu povo, principal alvo da viol\u00eancia. O criminoso defende aquilo que entende por seu territ\u00f3rio ou simplesmente n\u00e3o defende nada, a n\u00e3o ser seu pr\u00f3prio interesse ou desejo. Nesta guerra, cada lado utiliza as armas que tem e pode utilizar. O Estado procura agir dentro dos limites da lei, do respeito aos direitos humanos e do n\u00e3o uso da viol\u00eancia. O criminoso, por sua vez, desconhece a lei e seus limites, os direitos humanos e faz uso da viol\u00eancia. O Estado cr\u00ea no controle dos registros e com\u00e9rcio de armas de fogo. O criminoso utiliza armas de fogo n\u00e3o registradas, contrabandeadas, ilegais e n\u00e3o comercializadas formalmente, ignorando solenemente o desarmamento. A consequ\u00eancia \u00e9 uma desigualdade, uma disparidade de armas, a\u00e7\u00f5es e t\u00e1ticas que levam claramente \u00e0 potencial e arriscada vantagem de um dos lados, aquele que n\u00e3o tem em seu caminho nenhum limite ou respeito a observar.<\/p>\n","protected":false},"excerpt":{"rendered":"<p>L\u00edbero Penello de Carvalho Filho R\u00e9sum\u00e9: Seguran\u00e7a p\u00fablica &#8211; estamos lutando a guerra errada, de L\u00edbero Penello de Carvalho Filho. \u00e9 indiscut\u00edvel que se trava, hoje em dia, uma guerra contra a criminalidade, tendo, de um lado, o Estado e, de outro, o criminoso. O Estado defende seu povo, principal alvo da viol\u00eancia. O criminoso defende aquilo que entende por seu territ\u00f3rio ou simplesmente n\u00e3o defende nada, a n\u00e3o ser&hellip; <\/p>\n","protected":false},"author":3,"featured_media":18620,"comment_status":"open","ping_status":"closed","sticky":false,"template":"","format":"standard","meta":{"footnotes":""},"categories":[6,25],"tags":[],"class_list":["post-18619","post","type-post","status-publish","format-standard","has-post-thumbnail","hentry","category-livros","category-seguranca-publica-e-defesa"],"views":80,"_links":{"self":[{"href":"https:\/\/www.bibliotecadeseguranca.com.br\/fr\/wp-json\/wp\/v2\/posts\/18619","targetHints":{"allow":["GET"]}}],"collection":[{"href":"https:\/\/www.bibliotecadeseguranca.com.br\/fr\/wp-json\/wp\/v2\/posts"}],"about":[{"href":"https:\/\/www.bibliotecadeseguranca.com.br\/fr\/wp-json\/wp\/v2\/types\/post"}],"author":[{"embeddable":true,"href":"https:\/\/www.bibliotecadeseguranca.com.br\/fr\/wp-json\/wp\/v2\/users\/3"}],"replies":[{"embeddable":true,"href":"https:\/\/www.bibliotecadeseguranca.com.br\/fr\/wp-json\/wp\/v2\/comments?post=18619"}],"version-history":[{"count":1,"href":"https:\/\/www.bibliotecadeseguranca.com.br\/fr\/wp-json\/wp\/v2\/posts\/18619\/revisions"}],"predecessor-version":[{"id":18621,"href":"https:\/\/www.bibliotecadeseguranca.com.br\/fr\/wp-json\/wp\/v2\/posts\/18619\/revisions\/18621"}],"wp:featuredmedia":[{"embeddable":true,"href":"https:\/\/www.bibliotecadeseguranca.com.br\/fr\/wp-json\/wp\/v2\/media\/18620"}],"wp:attachment":[{"href":"https:\/\/www.bibliotecadeseguranca.com.br\/fr\/wp-json\/wp\/v2\/media?parent=18619"}],"wp:term":[{"taxonomy":"category","embeddable":true,"href":"https:\/\/www.bibliotecadeseguranca.com.br\/fr\/wp-json\/wp\/v2\/categories?post=18619"},{"taxonomy":"post_tag","embeddable":true,"href":"https:\/\/www.bibliotecadeseguranca.com.br\/fr\/wp-json\/wp\/v2\/tags?post=18619"}],"curies":[{"name":"wp","href":"https:\/\/api.w.org\/{rel}","templated":true}]}}