{"id":18588,"date":"2022-11-28T14:00:22","date_gmt":"2022-11-28T17:00:22","guid":{"rendered":"https:\/\/www.bibliotecadeseguranca.com.br\/fr\/?p=18588"},"modified":"2022-11-28T12:21:45","modified_gmt":"2022-11-28T15:21:45","slug":"o-lugar-da-guarda-municipal-na-seguranca-publica","status":"publish","type":"post","link":"https:\/\/www.bibliotecadeseguranca.com.br\/fr\/livros\/o-lugar-da-guarda-municipal-na-seguranca-publica\/","title":{"rendered":"O Lugar da Guarda Municipal na Seguran\u00e7a P\u00fablica"},"content":{"rendered":"<p><span style=\"color: #003366;\"><strong><img loading=\"lazy\" decoding=\"async\" class=\"alignleft size-full wp-image-18589\" src=\"https:\/\/www.bibliotecadeseguranca.com.br\/fr\/wp-content\/uploads\/2022\/11\/o-lugar-da-guarda-municipal-na-seguranca-publica.jpg\" alt=\"O Lugar da Guarda Municipal na Seguran\u00e7a P\u00fablica\" width=\"145\" height=\"215\" srcset=\"https:\/\/www.bibliotecadeseguranca.com.br\/fr\/wp-content\/uploads\/2022\/11\/o-lugar-da-guarda-municipal-na-seguranca-publica.jpg 145w, https:\/\/www.bibliotecadeseguranca.com.br\/fr\/wp-content\/uploads\/2022\/11\/o-lugar-da-guarda-municipal-na-seguranca-publica-101x150.jpg 101w\" sizes=\"auto, (max-width: 145px) 100vw, 145px\" \/>Os\u00e9ias Francisco da Silva<\/strong><\/span><\/p>\n<p><span style=\"color: #003366;\"><strong>Maison d&#8217;\u00e9dition Scortecci<\/strong><\/span><\/p>\n<p><span style=\"color: #003366;\"><strong>R\u00e9sum\u00e9:<\/strong><\/span> Autor de cinco livros, dentre eles Seguran\u00e7a P\u00fablica como projeto socioeducacional, Um novo modelo de seguran\u00e7a para o Brasil e Uma nova pol\u00edcia em ascens\u00e3o no Brasil, Os\u00e9ias Francisco da Silva, nesta nova obra tenta, a partir de sua experi\u00eancia de dezessete anos como guarda civil municipal, de sua milit\u00e2ncia pol\u00edtica como representante da categoria desde 2009 e de sua forma\u00e7\u00e3o acad\u00eamica em Filosofia e mestrado em Pol\u00edticas P\u00fablicas, localizar o lugar da guarda municipal no campo da Seguran\u00e7a P\u00fablica. A seguran\u00e7a jur\u00eddica \u00e9 fundamentalmente necess\u00e1ria numa \u00e1rea t\u00e3o sens\u00edvel e complexa, com rotina imprevis\u00edvel e com fatos extraordin\u00e1rios, que exigem acertos nas tomadas de decis\u00e3o. As guardas municipais, criadas em 10 de outubro de 1831 no Brasil Imp\u00e9rio para garantir a tranquilidade p\u00fablica e auxiliar a justi\u00e7a, sofreram historicamente diversas modifica\u00e7\u00f5es, como tamb\u00e9m sofreu o Estado brasileiro, e em 1988, com a Constitui\u00e7\u00e3o Cidad\u00e3, foram alocadas no artigo da Seguran\u00e7a P\u00fablica, 144, no par\u00e1grafo 8\u00ba, que tendenciosamente foi entendido, por alguns, como o por\u00e3o da casa, e, por consequ\u00eancia, v\u00eam sendo tratadas como filhos bastardos, sem o devido reconhecimento. Neste livro o autor vai resgatar o devido lugar das guardas municipais, restaurar sua leg\u00edtima filia\u00e7\u00e3o, para tamb\u00e9m reivindicar seus direitos, principalmente com sua certid\u00e3o de identidade expressa na Lei Federal 13.022, de 8 de agosto de 2014.<\/p>\n","protected":false},"excerpt":{"rendered":"<p>Os\u00e9ias Francisco da Silva Maison d&#8217;\u00e9dition Scortecci R\u00e9sum\u00e9: Autor de cinco livros, dentre eles Seguran\u00e7a P\u00fablica como projeto socioeducacional, Um novo modelo de seguran\u00e7a para o Brasil e Uma nova pol\u00edcia em ascens\u00e3o no Brasil, Os\u00e9ias Francisco da Silva, nesta nova obra tenta, a partir de sua experi\u00eancia de dezessete anos como guarda civil municipal, de sua milit\u00e2ncia pol\u00edtica como representante da categoria desde 2009 e de sua forma\u00e7\u00e3o acad\u00eamica&hellip; <\/p>\n","protected":false},"author":3,"featured_media":18589,"comment_status":"open","ping_status":"closed","sticky":false,"template":"","format":"standard","meta":{"footnotes":""},"categories":[6,25],"tags":[],"class_list":["post-18588","post","type-post","status-publish","format-standard","has-post-thumbnail","hentry","category-livros","category-seguranca-publica-e-defesa"],"views":155,"_links":{"self":[{"href":"https:\/\/www.bibliotecadeseguranca.com.br\/fr\/wp-json\/wp\/v2\/posts\/18588","targetHints":{"allow":["GET"]}}],"collection":[{"href":"https:\/\/www.bibliotecadeseguranca.com.br\/fr\/wp-json\/wp\/v2\/posts"}],"about":[{"href":"https:\/\/www.bibliotecadeseguranca.com.br\/fr\/wp-json\/wp\/v2\/types\/post"}],"author":[{"embeddable":true,"href":"https:\/\/www.bibliotecadeseguranca.com.br\/fr\/wp-json\/wp\/v2\/users\/3"}],"replies":[{"embeddable":true,"href":"https:\/\/www.bibliotecadeseguranca.com.br\/fr\/wp-json\/wp\/v2\/comments?post=18588"}],"version-history":[{"count":1,"href":"https:\/\/www.bibliotecadeseguranca.com.br\/fr\/wp-json\/wp\/v2\/posts\/18588\/revisions"}],"predecessor-version":[{"id":18590,"href":"https:\/\/www.bibliotecadeseguranca.com.br\/fr\/wp-json\/wp\/v2\/posts\/18588\/revisions\/18590"}],"wp:featuredmedia":[{"embeddable":true,"href":"https:\/\/www.bibliotecadeseguranca.com.br\/fr\/wp-json\/wp\/v2\/media\/18589"}],"wp:attachment":[{"href":"https:\/\/www.bibliotecadeseguranca.com.br\/fr\/wp-json\/wp\/v2\/media?parent=18588"}],"wp:term":[{"taxonomy":"category","embeddable":true,"href":"https:\/\/www.bibliotecadeseguranca.com.br\/fr\/wp-json\/wp\/v2\/categories?post=18588"},{"taxonomy":"post_tag","embeddable":true,"href":"https:\/\/www.bibliotecadeseguranca.com.br\/fr\/wp-json\/wp\/v2\/tags?post=18588"}],"curies":[{"name":"wp","href":"https:\/\/api.w.org\/{rel}","templated":true}]}}