{"id":18565,"date":"2022-11-18T14:00:27","date_gmt":"2022-11-18T17:00:27","guid":{"rendered":"https:\/\/www.bibliotecadeseguranca.com.br\/fr\/?p=18565"},"modified":"2022-11-18T13:25:43","modified_gmt":"2022-11-18T16:25:43","slug":"les-secrets-de-lantigang","status":"publish","type":"post","link":"https:\/\/www.bibliotecadeseguranca.com.br\/fr\/livros\/les-secrets-de-lantigang\/","title":{"rendered":"Les Secrets de l&#8217;antigang"},"content":{"rendered":"<p><span style=\"color: #003366;\"><strong><img loading=\"lazy\" decoding=\"async\" class=\"alignleft size-full wp-image-18566\" src=\"https:\/\/www.bibliotecadeseguranca.com.br\/fr\/wp-content\/uploads\/2022\/11\/les-secrets-de-lantigang.jpg\" alt=\"Les Secrets de l'antigang\" width=\"145\" height=\"226\" srcset=\"https:\/\/www.bibliotecadeseguranca.com.br\/fr\/wp-content\/uploads\/2022\/11\/les-secrets-de-lantigang.jpg 145w, https:\/\/www.bibliotecadeseguranca.com.br\/fr\/wp-content\/uploads\/2022\/11\/les-secrets-de-lantigang-96x150.jpg 96w\" sizes=\"auto, (max-width: 145px) 100vw, 145px\" \/>Yves Jobic<\/strong><\/span><\/p>\n<p><span style=\"color: #003366;\"><strong>Maison d&#8217;\u00e9dition Plon<\/strong><\/span><\/p>\n<p><span style=\"color: #003366;\"><strong>R\u00e9sum\u00e9:<\/strong><\/span> L&#8217;ancien patron de l&#8217;antigang d\u00e9voile l&#8217;envers du d\u00e9cor du 36 quai des orf\u00e8vres. Sans langue de bois, il dit tout.<br \/>\nLa vie d&#8217;Yves Jobic incarne l&#8217;histoire de la police parisienne. Dernier patron de l&#8217;antigang \u00e0 l&#8217;ancienne, il a d\u00e9cid\u00e9 de parler, et de tout dire. Emprisonn\u00e9, puis blanchi et indemnis\u00e9, il a \u00e9t\u00e9 nomm\u00e9 \u00e0 la t\u00eate de la c\u00e9l\u00e9bre brigade de recherche et d&#8217;intervention, la BRI.<br \/>\nIl d\u00e9voile ici, sans langue de bois, tous les moyens utilis\u00e9s par la PJ, \u00e0 commencer par le recours aux indics, domaine dans lequel il a excell\u00e9 pour p\u00e9n\u00e9trer le milieu o\u00f9 se c\u00f4toient les plus grandes l\u00e9gendes de la p\u00e8gre, les pires assassins, mais aussi certaines \u00e9lites&#8230;<br \/>\nDans un style net et percutant, l&#8217;ex-commissaire retrace les trajectoires sanglantes des criminels qu&#8217;il a c\u00f4toy\u00e9s, les unions et les conflits, les guerres de clans, mettant en sc\u00e8ne Francis le Belge, les fr\u00e8res Hornec, parrains du puissant clan de Montreuil qui r\u00e9gna sur le milieu pendant les ann\u00e9es 1990, ou encore Momo Amimer, le s\u00e9rial braqueur.<br \/>\nIl revient sur les enqu\u00eates les plus sensibles qui ont fait la une de notre actualit\u00e9 : des op\u00e9rations risqu\u00e9es aux surveillances sur le fil en passant par les infiltrations \u00e9piques et les arrestations p\u00e9rilleuses qui ont rythm\u00e9 le quotidien du Quai des Orf\u00e8vres.<\/p>\n","protected":false},"excerpt":{"rendered":"<p>Yves Jobic Maison d&#8217;\u00e9dition Plon R\u00e9sum\u00e9: L&#8217;ancien patron de l&#8217;antigang d\u00e9voile l&#8217;envers du d\u00e9cor du 36 quai des orf\u00e8vres. Sans langue de bois, il dit tout. La vie d&#8217;Yves Jobic incarne l&#8217;histoire de la police parisienne. Dernier patron de l&#8217;antigang \u00e0 l&#8217;ancienne, il a d\u00e9cid\u00e9 de parler, et de tout dire. Emprisonn\u00e9, puis blanchi et indemnis\u00e9, il a \u00e9t\u00e9 nomm\u00e9 \u00e0 la t\u00eate de la c\u00e9l\u00e9bre brigade de recherche et&hellip; <\/p>\n","protected":false},"author":3,"featured_media":18566,"comment_status":"open","ping_status":"closed","sticky":false,"template":"","format":"standard","meta":{"footnotes":""},"categories":[109,6,25],"tags":[],"class_list":["post-18565","post","type-post","status-publish","format-standard","has-post-thumbnail","hentry","category-francais","category-livros","category-seguranca-publica-e-defesa"],"views":106,"_links":{"self":[{"href":"https:\/\/www.bibliotecadeseguranca.com.br\/fr\/wp-json\/wp\/v2\/posts\/18565","targetHints":{"allow":["GET"]}}],"collection":[{"href":"https:\/\/www.bibliotecadeseguranca.com.br\/fr\/wp-json\/wp\/v2\/posts"}],"about":[{"href":"https:\/\/www.bibliotecadeseguranca.com.br\/fr\/wp-json\/wp\/v2\/types\/post"}],"author":[{"embeddable":true,"href":"https:\/\/www.bibliotecadeseguranca.com.br\/fr\/wp-json\/wp\/v2\/users\/3"}],"replies":[{"embeddable":true,"href":"https:\/\/www.bibliotecadeseguranca.com.br\/fr\/wp-json\/wp\/v2\/comments?post=18565"}],"version-history":[{"count":1,"href":"https:\/\/www.bibliotecadeseguranca.com.br\/fr\/wp-json\/wp\/v2\/posts\/18565\/revisions"}],"predecessor-version":[{"id":18567,"href":"https:\/\/www.bibliotecadeseguranca.com.br\/fr\/wp-json\/wp\/v2\/posts\/18565\/revisions\/18567"}],"wp:featuredmedia":[{"embeddable":true,"href":"https:\/\/www.bibliotecadeseguranca.com.br\/fr\/wp-json\/wp\/v2\/media\/18566"}],"wp:attachment":[{"href":"https:\/\/www.bibliotecadeseguranca.com.br\/fr\/wp-json\/wp\/v2\/media?parent=18565"}],"wp:term":[{"taxonomy":"category","embeddable":true,"href":"https:\/\/www.bibliotecadeseguranca.com.br\/fr\/wp-json\/wp\/v2\/categories?post=18565"},{"taxonomy":"post_tag","embeddable":true,"href":"https:\/\/www.bibliotecadeseguranca.com.br\/fr\/wp-json\/wp\/v2\/tags?post=18565"}],"curies":[{"name":"wp","href":"https:\/\/api.w.org\/{rel}","templated":true}]}}