{"id":18550,"date":"2022-11-11T14:00:37","date_gmt":"2022-11-11T17:00:37","guid":{"rendered":"https:\/\/www.bibliotecadeseguranca.com.br\/fr\/?p=18550"},"modified":"2022-11-11T13:32:27","modified_gmt":"2022-11-11T16:32:27","slug":"panorama-prospectif-de-la-securite-privee-2025","status":"publish","type":"post","link":"https:\/\/www.bibliotecadeseguranca.com.br\/fr\/livros\/panorama-prospectif-de-la-securite-privee-2025\/","title":{"rendered":"Panorama Prospectif de la S\u00e9curit\u00e9 Priv\u00e9e 2025"},"content":{"rendered":"<p><span style=\"color: #003366;\"><strong><img loading=\"lazy\" decoding=\"async\" class=\"alignleft size-full wp-image-18551\" src=\"https:\/\/www.bibliotecadeseguranca.com.br\/fr\/wp-content\/uploads\/2022\/11\/panorama-prospectif-de-la-securite-privee-2025.jpg\" alt=\"Panorama Prospectif de la S\u00e9curit\u00e9 Priv\u00e9e 2025\" width=\"145\" height=\"187\" srcset=\"https:\/\/www.bibliotecadeseguranca.com.br\/fr\/wp-content\/uploads\/2022\/11\/panorama-prospectif-de-la-securite-privee-2025.jpg 145w, https:\/\/www.bibliotecadeseguranca.com.br\/fr\/wp-content\/uploads\/2022\/11\/panorama-prospectif-de-la-securite-privee-2025-116x150.jpg 116w\" sizes=\"auto, (max-width: 145px) 100vw, 145px\" \/>Minist\u00e8re de l&#8217;Int\u00e9rieur &#8211; R\u00e9publique Fran\u00e7aise<\/strong><\/span><\/p>\n<p><span style=\"color: #003366;\"><strong>R\u00e9sum\u00e9:<\/strong><\/span> La s\u00e9curit\u00e9 priv\u00e9e est un acteur important pour l&#8217;Etat et la soci\u00e9t\u00e9 fran\u00e7aise. D&#8217;abord au plan \u00e9conomique puisqu&#8217;il rassemble, si on y inclut toutes les cat\u00e9gories de personnels concourant \u00e0 la s\u00e9curit\u00e9 priv\u00e9e, plus de 250000 agents, dont plus de 150000 sont des agents de s\u00e9curit\u00e9 priv\u00e9e autoris\u00e9s par le Conseil national des activit\u00e9s priv\u00e9es de s\u00e9curit\u00e9.<br \/>\nSeule cette derni\u00e8re cat\u00e9gorie correspond \u00e0 la s\u00e9curit\u00e9 priv\u00e9e r\u00e9glement\u00e9e, pr\u00e9cis\u00e9ment par le livre VI du code de la S\u00e9curit\u00e9 Int\u00e9rieure.<br \/>\nCe secteur conna\u00eet, en outre, depuis des ann\u00e9es, une croissance sup\u00e9rieure au reste de l&#8217;\u00e9conomie fran\u00e7aise, avec une augmentation plus forte du nombre de cr\u00e9ations d&#8217;entreprises et une progression du chiffre d&#8217;affaires d\u00e9passant nettement la moyenne nationale.<br \/>\nMais ces chiffres globaux cachent une croissance tr\u00e8s in\u00e9gale, avec les entreprises li\u00e9es aux technologies innovantes qui demeurent les plus performantes, au d\u00e9triment, notamment des petites entreprises de surveillance humaine, bien trop nombreuses si on compare le paysage fran\u00e7ais \u00e0 celui de nos voisins europ\u00e9ens, souvent sans salari\u00e9 ou avec peu de salari\u00e9s et qui connaissent malheureusement, fr\u00e9quemment, de r\u00e9elles difficult\u00e9s de survie.<br \/>\nIl s&#8217;agit d&#8217;un secteur \u00e9miett\u00e9, domin\u00e9 par quelques grands intervenants. La main d&#8217;\u0153uvre y est encore peu qualifi\u00e9e, peu r\u00e9mun\u00e9r\u00e9e et, majoritairement, ne b\u00e9n\u00e9ficie pas toujours d&#8217;une excellente image pour une profession mal ou peu reconnue, m\u00eame si, depuis peu, celle ci change.<br \/>\nEnsuite au plan de la s\u00e9curit\u00e9, avec son grand nombre d&#8217;agents, davantage que la police nationale, et avec l&#8217;expansion de ses missions au fil des ann\u00e9es, en r\u00e9ponse \u00e0 des menaces grandissantes, notamment terroristes, et une demande croissante de s\u00e9curit\u00e9 des Fran\u00e7ais, la s\u00e9curit\u00e9 priv\u00e9e est devenue un secteur incontournable de la s\u00e9curit\u00e9 globale en France.<br \/>\nAinsi, depuis 1983, elle est express\u00e9ment r\u00e9glement\u00e9e par une loi, devenue livre VI du code de la S\u00e9curit\u00e9 Int\u00e9rieure en 2012.<\/p>\n<p><a href=\"https:\/\/www.bibliotecadeseguranca.com.br\/wp-content\/uploads\/2022\/11\/panorama-prospectif-de-la-securite-privee-2025.pdf\" target=\"_blank\" rel=\"noopener\"><img loading=\"lazy\" decoding=\"async\" class=\"alignleft wp-image-12143 size-full\" src=\"https:\/\/www.bibliotecadeseguranca.com.br\/fr\/wp-content\/uploads\/2015\/03\/download_fr.gif\" alt=\"T\u00e9l\u00e9charger\" width=\"107\" height=\"25\" \/><\/a><\/p>\n","protected":false},"excerpt":{"rendered":"<p>Minist\u00e8re de l&#8217;Int\u00e9rieur &#8211; R\u00e9publique Fran\u00e7aise R\u00e9sum\u00e9: La s\u00e9curit\u00e9 priv\u00e9e est un acteur important pour l&#8217;Etat et la soci\u00e9t\u00e9 fran\u00e7aise. D&#8217;abord au plan \u00e9conomique puisqu&#8217;il rassemble, si on y inclut toutes les cat\u00e9gories de personnels concourant \u00e0 la s\u00e9curit\u00e9 priv\u00e9e, plus de 250000 agents, dont plus de 150000 sont des agents de s\u00e9curit\u00e9 priv\u00e9e autoris\u00e9s par le Conseil national des activit\u00e9s priv\u00e9es de s\u00e9curit\u00e9. Seule cette derni\u00e8re cat\u00e9gorie correspond \u00e0&hellip; <\/p>\n","protected":false},"author":3,"featured_media":18551,"comment_status":"open","ping_status":"closed","sticky":false,"template":"","format":"standard","meta":{"footnotes":""},"categories":[109,23,6,112],"tags":[],"class_list":["post-18550","post","type-post","status-publish","format-standard","has-post-thumbnail","hentry","category-francais","category-gestao-da-seguranca-empresarial","category-livros","category-download"],"views":618,"_links":{"self":[{"href":"https:\/\/www.bibliotecadeseguranca.com.br\/fr\/wp-json\/wp\/v2\/posts\/18550","targetHints":{"allow":["GET"]}}],"collection":[{"href":"https:\/\/www.bibliotecadeseguranca.com.br\/fr\/wp-json\/wp\/v2\/posts"}],"about":[{"href":"https:\/\/www.bibliotecadeseguranca.com.br\/fr\/wp-json\/wp\/v2\/types\/post"}],"author":[{"embeddable":true,"href":"https:\/\/www.bibliotecadeseguranca.com.br\/fr\/wp-json\/wp\/v2\/users\/3"}],"replies":[{"embeddable":true,"href":"https:\/\/www.bibliotecadeseguranca.com.br\/fr\/wp-json\/wp\/v2\/comments?post=18550"}],"version-history":[{"count":1,"href":"https:\/\/www.bibliotecadeseguranca.com.br\/fr\/wp-json\/wp\/v2\/posts\/18550\/revisions"}],"predecessor-version":[{"id":18552,"href":"https:\/\/www.bibliotecadeseguranca.com.br\/fr\/wp-json\/wp\/v2\/posts\/18550\/revisions\/18552"}],"wp:featuredmedia":[{"embeddable":true,"href":"https:\/\/www.bibliotecadeseguranca.com.br\/fr\/wp-json\/wp\/v2\/media\/18551"}],"wp:attachment":[{"href":"https:\/\/www.bibliotecadeseguranca.com.br\/fr\/wp-json\/wp\/v2\/media?parent=18550"}],"wp:term":[{"taxonomy":"category","embeddable":true,"href":"https:\/\/www.bibliotecadeseguranca.com.br\/fr\/wp-json\/wp\/v2\/categories?post=18550"},{"taxonomy":"post_tag","embeddable":true,"href":"https:\/\/www.bibliotecadeseguranca.com.br\/fr\/wp-json\/wp\/v2\/tags?post=18550"}],"curies":[{"name":"wp","href":"https:\/\/api.w.org\/{rel}","templated":true}]}}