{"id":18515,"date":"2022-10-27T14:00:26","date_gmt":"2022-10-27T17:00:26","guid":{"rendered":"https:\/\/www.bibliotecadeseguranca.com.br\/fr\/?p=18515"},"modified":"2022-10-27T13:35:54","modified_gmt":"2022-10-27T16:35:54","slug":"manual-do-vigilante-curso-de-formacao-2a-edicao","status":"publish","type":"post","link":"https:\/\/www.bibliotecadeseguranca.com.br\/fr\/livros\/manual-do-vigilante-curso-de-formacao-2a-edicao\/","title":{"rendered":"Manual do Vigilante &#8211; Curso de Forma\u00e7\u00e3o &#8211; 2\u00aa Edi\u00e7\u00e3o"},"content":{"rendered":"<p><span style=\"color: #003366;\"><strong><img loading=\"lazy\" decoding=\"async\" class=\"alignleft size-full wp-image-18516\" src=\"https:\/\/www.bibliotecadeseguranca.com.br\/fr\/wp-content\/uploads\/2022\/10\/manual-do-vigilante-curso-de-formacao-2a-edicao.jpg\" alt=\"Manual do Vigilante - Curso de Forma\u00e7\u00e3o - 2\u00aa Edi\u00e7\u00e3o\" width=\"145\" height=\"196\" srcset=\"https:\/\/www.bibliotecadeseguranca.com.br\/fr\/wp-content\/uploads\/2022\/10\/manual-do-vigilante-curso-de-formacao-2a-edicao.jpg 145w, https:\/\/www.bibliotecadeseguranca.com.br\/fr\/wp-content\/uploads\/2022\/10\/manual-do-vigilante-curso-de-formacao-2a-edicao-111x150.jpg 111w\" sizes=\"auto, (max-width: 145px) 100vw, 145px\" \/>ABCFAV \u2013 Associa\u00e7\u00e3o Brasileira de Cursos de Forma\u00e7\u00e3o e Aperfei\u00e7oamento de Vigilantes<\/strong><\/span><\/p>\n<p><span style=\"color: #003366;\"><strong>Coordena\u00e7\u00e3o Geral de Controle da Seguran\u00e7a Privada do Depart<\/strong><\/span><\/p>\n<p><span style=\"color: #003366;\"><strong>R\u00e9sum\u00e9:<\/strong><\/span> Os Manuais do Vigilante s\u00e3o destinadas a uniformizar o ensino de seguran\u00e7a ao vigilante, em sua forma\u00e7\u00e3o b\u00e1sica, nas extens\u00f5es e respectivas reciclagens.<br \/>\n\u00c9 um comp\u00eandio de conte\u00fados catalogados, desenvolvidos e adaptados para o vigilante, a partir de materiais did\u00e1ticos destinados \u00e0 seguran\u00e7a p\u00fablica e privada.<br \/>\nA metodologia utilizada \u00e9 a mesma dos anexos da Portaria n\u00b0 3.233\/2012-DG\/PF, que alterou e consolidou as regras sobre seguran\u00e7a privada no Brasil.<br \/>\nA citada portaria prev\u00ea que o vigilante, ap\u00f3s entrar no ramo da seguran\u00e7a privada atrav\u00e9s do Curso de Forma\u00e7\u00e3o de Vigilante, dever\u00e1 voltar compulsoriamente a sala de aula a cada dois anos, n\u00e3o definindo qual extens\u00e3o ou reciclagem ir\u00e1 realizar. Tal escolha dever\u00e1 ser feita pelo pr\u00f3prio vigilante, levando-se em conta seus interesses profissionais e sua rela\u00e7\u00e3o de trabalho.<br \/>\nA reforma curricular apresentada na Portaria 3.233\/2012 tem enfoque no ser humano e na pessoa do vigilante, com objetivo de formar profissionais cidad\u00e3os, n\u00e3o apenas t\u00e9cnicos, e de captar no mercado de trabalho pessoas mais qualificadas para que o segmento da seguran\u00e7a privada possa crescer com essas medidas e prover uma melhor seguran\u00e7a \u00e0 sociedade.<br \/>\n\u00c9 nessa senda que a seguran\u00e7a privada \u00e9 complementar \u00e0 seguranca publica.<br \/>\nEsta \u00e9 a cartilha que consideramos a mais importante, pois \u00e9 a que trata da Forma\u00e7\u00e3o do Vigilante. Ela servir\u00e1 como meio instrucional e material de consulta permanente ao vigilante, tanto em sua forma\u00e7\u00e3o profissional, como durante sua atividade de trabalho, al\u00e9m de servir para as reciclagens exigidas pela legisla\u00e7\u00e3o.<br \/>\nOutras cartilhas espec\u00edficas versar\u00e3o sobre os cursos de extens\u00e3o em Transporte de Valores, Escolta Armada e Seguran\u00e7a Pessoal Privada.<br \/>\nEste trabalho e uma realiza\u00e7\u00e3o da ABCFAV &#8211; Associa\u00e7\u00e3o Brasileira dos Cursos de Forma\u00e7\u00e3o e Aperfei\u00e7oamento de Vigilantes, com a colabora\u00e7\u00e3o da Coordena\u00e7\u00e3o-Geral de Controle da Seguran\u00e7a Privada da Pol\u00edcia Federal.<\/p>\n<p><a href=\"https:\/\/www.bibliotecadeseguranca.com.br\/wp-content\/uploads\/2022\/10\/manual-do-vigilante-curso-de-formacao-2a-edicao.pdf\" target=\"_blank\" rel=\"noopener\"><img loading=\"lazy\" decoding=\"async\" class=\"alignleft wp-image-12143 size-full\" src=\"https:\/\/www.bibliotecadeseguranca.com.br\/fr\/wp-content\/uploads\/2015\/03\/download_fr.gif\" alt=\"T\u00e9l\u00e9charger\" width=\"107\" height=\"25\" \/><\/a><\/p>\n","protected":false},"excerpt":{"rendered":"<p>ABCFAV \u2013 Associa\u00e7\u00e3o Brasileira de Cursos de Forma\u00e7\u00e3o e Aperfei\u00e7oamento de Vigilantes Coordena\u00e7\u00e3o Geral de Controle da Seguran\u00e7a Privada do Depart R\u00e9sum\u00e9: Os Manuais do Vigilante s\u00e3o destinadas a uniformizar o ensino de seguran\u00e7a ao vigilante, em sua forma\u00e7\u00e3o b\u00e1sica, nas extens\u00f5es e respectivas reciclagens. \u00c9 um comp\u00eandio de conte\u00fados catalogados, desenvolvidos e adaptados para o vigilante, a partir de materiais did\u00e1ticos destinados \u00e0 seguran\u00e7a p\u00fablica e privada. A metodologia&hellip; <\/p>\n","protected":false},"author":3,"featured_media":18516,"comment_status":"open","ping_status":"closed","sticky":false,"template":"","format":"standard","meta":{"footnotes":""},"categories":[23,6,112],"tags":[],"class_list":["post-18515","post","type-post","status-publish","format-standard","has-post-thumbnail","hentry","category-gestao-da-seguranca-empresarial","category-livros","category-download"],"views":266,"_links":{"self":[{"href":"https:\/\/www.bibliotecadeseguranca.com.br\/fr\/wp-json\/wp\/v2\/posts\/18515","targetHints":{"allow":["GET"]}}],"collection":[{"href":"https:\/\/www.bibliotecadeseguranca.com.br\/fr\/wp-json\/wp\/v2\/posts"}],"about":[{"href":"https:\/\/www.bibliotecadeseguranca.com.br\/fr\/wp-json\/wp\/v2\/types\/post"}],"author":[{"embeddable":true,"href":"https:\/\/www.bibliotecadeseguranca.com.br\/fr\/wp-json\/wp\/v2\/users\/3"}],"replies":[{"embeddable":true,"href":"https:\/\/www.bibliotecadeseguranca.com.br\/fr\/wp-json\/wp\/v2\/comments?post=18515"}],"version-history":[{"count":1,"href":"https:\/\/www.bibliotecadeseguranca.com.br\/fr\/wp-json\/wp\/v2\/posts\/18515\/revisions"}],"predecessor-version":[{"id":18517,"href":"https:\/\/www.bibliotecadeseguranca.com.br\/fr\/wp-json\/wp\/v2\/posts\/18515\/revisions\/18517"}],"wp:featuredmedia":[{"embeddable":true,"href":"https:\/\/www.bibliotecadeseguranca.com.br\/fr\/wp-json\/wp\/v2\/media\/18516"}],"wp:attachment":[{"href":"https:\/\/www.bibliotecadeseguranca.com.br\/fr\/wp-json\/wp\/v2\/media?parent=18515"}],"wp:term":[{"taxonomy":"category","embeddable":true,"href":"https:\/\/www.bibliotecadeseguranca.com.br\/fr\/wp-json\/wp\/v2\/categories?post=18515"},{"taxonomy":"post_tag","embeddable":true,"href":"https:\/\/www.bibliotecadeseguranca.com.br\/fr\/wp-json\/wp\/v2\/tags?post=18515"}],"curies":[{"name":"wp","href":"https:\/\/api.w.org\/{rel}","templated":true}]}}