{"id":18398,"date":"2022-09-05T14:00:02","date_gmt":"2022-09-05T17:00:02","guid":{"rendered":"https:\/\/www.bibliotecadeseguranca.com.br\/fr\/?p=18398"},"modified":"2022-09-05T13:05:17","modified_gmt":"2022-09-05T16:05:17","slug":"gestao-em-rede-para-reducao-e-resposta-de-acidentes-e-desastres-por-meio-da-expansao-dos-corpos-de-bombeiros","status":"publish","type":"post","link":"https:\/\/www.bibliotecadeseguranca.com.br\/fr\/livros\/gestao-em-rede-para-reducao-e-resposta-de-acidentes-e-desastres-por-meio-da-expansao-dos-corpos-de-bombeiros\/","title":{"rendered":"Gest\u00e3o em Rede para Redu\u00e7\u00e3o e Resposta de Acidentes e Desastres por Meio da Expans\u00e3o dos Corpos de Bombeiros"},"content":{"rendered":"<p><span style=\"color: #003366;\"><strong><img loading=\"lazy\" decoding=\"async\" class=\"alignleft size-full wp-image-18399\" src=\"https:\/\/www.bibliotecadeseguranca.com.br\/fr\/wp-content\/uploads\/2022\/09\/gestao-em-rede-para-reducao-e-resposta-de-acidentes-e-desastres-por-meio-da-expansao-dos-corpos-de-bombeiros.jpg\" alt=\"Gest\u00e3o em Rede para Redu\u00e7\u00e3o e Resposta de Acidentes e Desastres por Meio da Expans\u00e3o dos Corpos de Bombeiros\" width=\"145\" height=\"203\" srcset=\"https:\/\/www.bibliotecadeseguranca.com.br\/fr\/wp-content\/uploads\/2022\/09\/gestao-em-rede-para-reducao-e-resposta-de-acidentes-e-desastres-por-meio-da-expansao-dos-corpos-de-bombeiros.jpg 145w, https:\/\/www.bibliotecadeseguranca.com.br\/fr\/wp-content\/uploads\/2022\/09\/gestao-em-rede-para-reducao-e-resposta-de-acidentes-e-desastres-por-meio-da-expansao-dos-corpos-de-bombeiros-107x150.jpg 107w\" sizes=\"auto, (max-width: 145px) 100vw, 145px\" \/>Alexandre Humia Casarim<\/strong><\/span><\/p>\n<p><span style=\"color: #003366;\"><strong>Maison d&#8217;\u00e9dition Appris<\/strong><\/span><\/p>\n<p><span style=\"color: #003366;\"><strong>R\u00e9sum\u00e9:<\/strong><\/span> O livro Gest\u00e3o em rede para redu\u00e7\u00e3o e resposta de acidentes e desastres por meio da expans\u00e3o dos Corpos de Bombeiros demonstra a pr\u00e1tica adotada de integra\u00e7\u00e3o operacional, na Zona da Mata Mineira, entre o Corpo de Bombeiros Militar de Minas Gerais (CBMMG), o Servi\u00e7o de Atendimento M\u00f3vel de Urg\u00eancia e Emerg\u00eancia (Samu) e Defesas Civis Municipais. A obra prop\u00f5e ratificar a import\u00e2ncia desses \u00f3rg\u00e3os p\u00fablicos nos atendimentos de acidentes e desastres, bem como aborda um olhar diferenciado nos ciclos de Gest\u00e3o de Risco e Gest\u00e3o de Desastres, utilizando uma compara\u00e7\u00e3o do modelo de governan\u00e7a em rede de seguran\u00e7a p\u00fablica. A obra \u00e9 destinada aos estudantes e atores das \u00e1reas de Gest\u00e3o P\u00fablica, Prote\u00e7\u00e3o e Defesa Civil, de Sa\u00fade e de Seguran\u00e7a P\u00fablica. Seu conte\u00fado ver\u00eddico, de teor pr\u00e1tico e linguagem din\u00e2mica, torna a leitura prazerosa e testemunha que a Gest\u00e3o P\u00fablica por meio de pessoas comprometidas com sua miss\u00e3o frente \u00e0 sociedade \u00e9 poss\u00edvel.<\/p>\n","protected":false},"excerpt":{"rendered":"<p>Alexandre Humia Casarim Maison d&#8217;\u00e9dition Appris R\u00e9sum\u00e9: O livro Gest\u00e3o em rede para redu\u00e7\u00e3o e resposta de acidentes e desastres por meio da expans\u00e3o dos Corpos de Bombeiros demonstra a pr\u00e1tica adotada de integra\u00e7\u00e3o operacional, na Zona da Mata Mineira, entre o Corpo de Bombeiros Militar de Minas Gerais (CBMMG), o Servi\u00e7o de Atendimento M\u00f3vel de Urg\u00eancia e Emerg\u00eancia (Samu) e Defesas Civis Municipais. A obra prop\u00f5e ratificar a import\u00e2ncia&hellip; <\/p>\n","protected":false},"author":3,"featured_media":18399,"comment_status":"open","ping_status":"closed","sticky":false,"template":"","format":"standard","meta":{"footnotes":""},"categories":[17,6,12],"tags":[],"class_list":["post-18398","post","type-post","status-publish","format-standard","has-post-thumbnail","hentry","category-incendio","category-livros","category-emergencia-e-contingencia"],"views":192,"_links":{"self":[{"href":"https:\/\/www.bibliotecadeseguranca.com.br\/fr\/wp-json\/wp\/v2\/posts\/18398","targetHints":{"allow":["GET"]}}],"collection":[{"href":"https:\/\/www.bibliotecadeseguranca.com.br\/fr\/wp-json\/wp\/v2\/posts"}],"about":[{"href":"https:\/\/www.bibliotecadeseguranca.com.br\/fr\/wp-json\/wp\/v2\/types\/post"}],"author":[{"embeddable":true,"href":"https:\/\/www.bibliotecadeseguranca.com.br\/fr\/wp-json\/wp\/v2\/users\/3"}],"replies":[{"embeddable":true,"href":"https:\/\/www.bibliotecadeseguranca.com.br\/fr\/wp-json\/wp\/v2\/comments?post=18398"}],"version-history":[{"count":1,"href":"https:\/\/www.bibliotecadeseguranca.com.br\/fr\/wp-json\/wp\/v2\/posts\/18398\/revisions"}],"predecessor-version":[{"id":18400,"href":"https:\/\/www.bibliotecadeseguranca.com.br\/fr\/wp-json\/wp\/v2\/posts\/18398\/revisions\/18400"}],"wp:featuredmedia":[{"embeddable":true,"href":"https:\/\/www.bibliotecadeseguranca.com.br\/fr\/wp-json\/wp\/v2\/media\/18399"}],"wp:attachment":[{"href":"https:\/\/www.bibliotecadeseguranca.com.br\/fr\/wp-json\/wp\/v2\/media?parent=18398"}],"wp:term":[{"taxonomy":"category","embeddable":true,"href":"https:\/\/www.bibliotecadeseguranca.com.br\/fr\/wp-json\/wp\/v2\/categories?post=18398"},{"taxonomy":"post_tag","embeddable":true,"href":"https:\/\/www.bibliotecadeseguranca.com.br\/fr\/wp-json\/wp\/v2\/tags?post=18398"}],"curies":[{"name":"wp","href":"https:\/\/api.w.org\/{rel}","templated":true}]}}