{"id":18388,"date":"2022-09-01T14:00:35","date_gmt":"2022-09-01T17:00:35","guid":{"rendered":"https:\/\/www.bibliotecadeseguranca.com.br\/fr\/?p=18388"},"modified":"2022-09-01T13:35:13","modified_gmt":"2022-09-01T16:35:13","slug":"guide-pratique-la-protection-des-informations-sensibles-des-entreprises","status":"publish","type":"post","link":"https:\/\/www.bibliotecadeseguranca.com.br\/fr\/livros\/guide-pratique-la-protection-des-informations-sensibles-des-entreprises\/","title":{"rendered":"Guide Pratique &#8211; La Protection des Informations Sensibles des Entreprises"},"content":{"rendered":"<p><span style=\"color: #003366;\"><strong><img loading=\"lazy\" decoding=\"async\" class=\"alignleft size-full wp-image-18389\" src=\"https:\/\/www.bibliotecadeseguranca.com.br\/fr\/wp-content\/uploads\/2022\/09\/guide-pratique-la-protection-des-informations-sensibles-des-entreprises.jpg\" alt=\"Guide Pratique - La Protection des Informations Sensibles des Entreprises\" width=\"145\" height=\"205\" srcset=\"https:\/\/www.bibliotecadeseguranca.com.br\/fr\/wp-content\/uploads\/2022\/09\/guide-pratique-la-protection-des-informations-sensibles-des-entreprises.jpg 145w, https:\/\/www.bibliotecadeseguranca.com.br\/fr\/wp-content\/uploads\/2022\/09\/guide-pratique-la-protection-des-informations-sensibles-des-entreprises-106x150.jpg 106w\" sizes=\"auto, (max-width: 145px) 100vw, 145px\" \/>MEDEF<\/strong><\/span><\/p>\n<p><span style=\"color: #003366;\"><strong>R\u00e9sum\u00e9:<\/strong><\/span> Au sein du MEDEF, plusieurs secteurs professionnels ont fait le m\u00eame constat : il est difficile pour les entreprises de pr\u00e9server ou de prot\u00e9ger ce qui est pourtant essentiel \u00e0 leur d\u00e9veloppement, \u00e0 savoir leurs cr\u00e9ations techniques, leur savoir-faire et plus largement leurs informations strat\u00e9giques.<br \/>\nLes entreprises d\u00e9tiennent de nombreuses informations ayant une valeur \u00e9conomique. Dans un contexte concurrentiel mondialis\u00e9, ce capital immat\u00e9riel permet \u00e0 l\u2019entreprise de se d\u00e9marquer de la concurrence, de se d\u00e9velopper et de s\u2019adapter aux besoins multiformes et \u00e9volutifs du march\u00e9.<br \/>\nCes informations sont expos\u00e9es \u00e0 de nombreuses menaces, parmi lesquelles figurent les risques de divulgation ou d\u2019usages non autoris\u00e9s provenant tant de l\u2019int\u00e9rieur de l\u2019entreprise que de l\u2019ext\u00e9rieur. Ces risques peuvent avoir de graves incidences sur la comp\u00e9titivit\u00e9 de l\u2019entreprise, voire sur sa survie.<br \/>\nLes r\u00e9dacteurs de ce guide pratique ne pr\u00e9tendent pas \u00e0 l\u2019exhaustivit\u00e9. Dans un domaine o\u00f9 les sources et les outils sont dispers\u00e9s, ils ont souhait\u00e9 donner quelques \u00e9l\u00e9ments de r\u00e9ponse et des solutions concr\u00e8tes afin d\u2019aider les entreprises \u00e0 prot\u00e9ger leurs informations sensibles et \u00e0 faire valoir leurs droits.<\/p>\n<p><a href=\"https:\/\/www.bibliotecadeseguranca.com.br\/wp-content\/uploads\/2022\/09\/guide-pratique-la-protection-des-informations-sensibles-des-entreprises.pdf\" target=\"_blank\" rel=\"noopener\"><img loading=\"lazy\" decoding=\"async\" class=\"alignleft wp-image-12143 size-full\" src=\"https:\/\/www.bibliotecadeseguranca.com.br\/fr\/wp-content\/uploads\/2015\/03\/download_fr.gif\" alt=\"T\u00e9l\u00e9charger\" width=\"107\" height=\"25\" \/><\/a><\/p>\n","protected":false},"excerpt":{"rendered":"<p>MEDEF R\u00e9sum\u00e9: Au sein du MEDEF, plusieurs secteurs professionnels ont fait le m\u00eame constat : il est difficile pour les entreprises de pr\u00e9server ou de prot\u00e9ger ce qui est pourtant essentiel \u00e0 leur d\u00e9veloppement, \u00e0 savoir leurs cr\u00e9ations techniques, leur savoir-faire et plus largement leurs informations strat\u00e9giques. Les entreprises d\u00e9tiennent de nombreuses informations ayant une valeur \u00e9conomique. Dans un contexte concurrentiel mondialis\u00e9, ce capital immat\u00e9riel permet \u00e0 l\u2019entreprise de se&hellip; <\/p>\n","protected":false},"author":3,"featured_media":18389,"comment_status":"open","ping_status":"closed","sticky":false,"template":"","format":"standard","meta":{"footnotes":""},"categories":[109,6,20,112],"tags":[],"class_list":["post-18388","post","type-post","status-publish","format-standard","has-post-thumbnail","hentry","category-francais","category-livros","category-seguranca-da-informacao","category-download"],"views":229,"_links":{"self":[{"href":"https:\/\/www.bibliotecadeseguranca.com.br\/fr\/wp-json\/wp\/v2\/posts\/18388","targetHints":{"allow":["GET"]}}],"collection":[{"href":"https:\/\/www.bibliotecadeseguranca.com.br\/fr\/wp-json\/wp\/v2\/posts"}],"about":[{"href":"https:\/\/www.bibliotecadeseguranca.com.br\/fr\/wp-json\/wp\/v2\/types\/post"}],"author":[{"embeddable":true,"href":"https:\/\/www.bibliotecadeseguranca.com.br\/fr\/wp-json\/wp\/v2\/users\/3"}],"replies":[{"embeddable":true,"href":"https:\/\/www.bibliotecadeseguranca.com.br\/fr\/wp-json\/wp\/v2\/comments?post=18388"}],"version-history":[{"count":1,"href":"https:\/\/www.bibliotecadeseguranca.com.br\/fr\/wp-json\/wp\/v2\/posts\/18388\/revisions"}],"predecessor-version":[{"id":18390,"href":"https:\/\/www.bibliotecadeseguranca.com.br\/fr\/wp-json\/wp\/v2\/posts\/18388\/revisions\/18390"}],"wp:featuredmedia":[{"embeddable":true,"href":"https:\/\/www.bibliotecadeseguranca.com.br\/fr\/wp-json\/wp\/v2\/media\/18389"}],"wp:attachment":[{"href":"https:\/\/www.bibliotecadeseguranca.com.br\/fr\/wp-json\/wp\/v2\/media?parent=18388"}],"wp:term":[{"taxonomy":"category","embeddable":true,"href":"https:\/\/www.bibliotecadeseguranca.com.br\/fr\/wp-json\/wp\/v2\/categories?post=18388"},{"taxonomy":"post_tag","embeddable":true,"href":"https:\/\/www.bibliotecadeseguranca.com.br\/fr\/wp-json\/wp\/v2\/tags?post=18388"}],"curies":[{"name":"wp","href":"https:\/\/api.w.org\/{rel}","templated":true}]}}