{"id":18375,"date":"2022-08-26T14:00:08","date_gmt":"2022-08-26T17:00:08","guid":{"rendered":"https:\/\/www.bibliotecadeseguranca.com.br\/fr\/?p=18375"},"modified":"2022-08-26T13:37:48","modified_gmt":"2022-08-26T16:37:48","slug":"les-politiques-de-securite-enjeux-et-choix-de-societe","status":"publish","type":"post","link":"https:\/\/www.bibliotecadeseguranca.com.br\/fr\/livros\/les-politiques-de-securite-enjeux-et-choix-de-societe\/","title":{"rendered":"Les politiques de s\u00e9curit\u00e9 &#8211; Enjeux et choix de soci\u00e9t\u00e9"},"content":{"rendered":"<p><span style=\"color: #003366;\"><strong><img loading=\"lazy\" decoding=\"async\" class=\"alignleft size-full wp-image-18376\" src=\"https:\/\/www.bibliotecadeseguranca.com.br\/fr\/wp-content\/uploads\/2022\/08\/les-politiques-de-securite-enjeux-et-choix-de-societe.jpg\" alt=\"Les politiques de s\u00e9curit\u00e9 - Enjeux et choix de soci\u00e9t\u00e9\" width=\"145\" height=\"229\" srcset=\"https:\/\/www.bibliotecadeseguranca.com.br\/fr\/wp-content\/uploads\/2022\/08\/les-politiques-de-securite-enjeux-et-choix-de-societe.jpg 145w, https:\/\/www.bibliotecadeseguranca.com.br\/fr\/wp-content\/uploads\/2022\/08\/les-politiques-de-securite-enjeux-et-choix-de-societe-95x150.jpg 95w\" sizes=\"auto, (max-width: 145px) 100vw, 145px\" \/>Fran\u00e7ois Guillon<\/strong><\/span><\/p>\n<p><span style=\"color: #003366;\"><strong>Maison d&#8217;\u00e9dition L&#8217;Harmattan<\/strong><\/span><\/p>\n<p><span style=\"color: #003366;\"><strong>R\u00e9sum\u00e9:<\/strong><\/span> Ce livre permet de comprendre en profondeur les questions de s\u00e9curit\u00e9 dans le monde moderne.<br \/>\nIns\u00e9curit\u00e9, angoisse, m\u00e9dias et s\u00e9curit\u00e9 vibrent ensemble intens\u00e9ment dans la soci\u00e9t\u00e9, mais trop d&#8217;ignorance et de confusion polluent le d\u00e9bat. Les politiques de s\u00e9curit\u00e9, centralisatrices ou lib\u00e9rales, g\u00e9n\u00e8rent des frustrations et des injustices de moins en moins tol\u00e9r\u00e9es.<br \/>\nLes sciences humaines et l&#8217;Histoire \u00e9claireront d&#8217;abord la situation actuelle. Puis au travers de l&#8217;\u00e9tude de tous les domaines de la s\u00e9curit\u00e9, l&#8217;auteur nous fera prendre conscience que la moiti\u00e9 des d\u00e9penses publiques ou priv\u00e9es de l&#8217;Union europ\u00e9enne lui est consacr\u00e9e !<br \/>\nLe livre am\u00e8ne \u00e0 d\u00e9couvrir des enjeux fondamentaux, il place le Politique devant l&#8217;urgence d&#8217;une r\u00e9flexion et d&#8217;arbitrages qu&#8217;il n&#8217;a jamais faits : quel niveau de s\u00e9curit\u00e9, quelles priorit\u00e9s et quels moyens ? L&#8217;auteur explore aussi le principe de solidarit\u00e9 qui, associ\u00e9 aux technologies modernes, est peut-\u00eatre le seul capable de fonder un monde de s\u00e9curit\u00e9 durable et o\u00f9 on aimerait vivre.<\/p>\n","protected":false},"excerpt":{"rendered":"<p>Fran\u00e7ois Guillon Maison d&#8217;\u00e9dition L&#8217;Harmattan R\u00e9sum\u00e9: Ce livre permet de comprendre en profondeur les questions de s\u00e9curit\u00e9 dans le monde moderne. Ins\u00e9curit\u00e9, angoisse, m\u00e9dias et s\u00e9curit\u00e9 vibrent ensemble intens\u00e9ment dans la soci\u00e9t\u00e9, mais trop d&#8217;ignorance et de confusion polluent le d\u00e9bat. Les politiques de s\u00e9curit\u00e9, centralisatrices ou lib\u00e9rales, g\u00e9n\u00e8rent des frustrations et des injustices de moins en moins tol\u00e9r\u00e9es. Les sciences humaines et l&#8217;Histoire \u00e9claireront d&#8217;abord la situation actuelle. Puis&hellip; <\/p>\n","protected":false},"author":3,"featured_media":18376,"comment_status":"open","ping_status":"closed","sticky":false,"template":"","format":"standard","meta":{"footnotes":""},"categories":[109,6,25],"tags":[],"class_list":["post-18375","post","type-post","status-publish","format-standard","has-post-thumbnail","hentry","category-francais","category-livros","category-seguranca-publica-e-defesa"],"views":166,"_links":{"self":[{"href":"https:\/\/www.bibliotecadeseguranca.com.br\/fr\/wp-json\/wp\/v2\/posts\/18375","targetHints":{"allow":["GET"]}}],"collection":[{"href":"https:\/\/www.bibliotecadeseguranca.com.br\/fr\/wp-json\/wp\/v2\/posts"}],"about":[{"href":"https:\/\/www.bibliotecadeseguranca.com.br\/fr\/wp-json\/wp\/v2\/types\/post"}],"author":[{"embeddable":true,"href":"https:\/\/www.bibliotecadeseguranca.com.br\/fr\/wp-json\/wp\/v2\/users\/3"}],"replies":[{"embeddable":true,"href":"https:\/\/www.bibliotecadeseguranca.com.br\/fr\/wp-json\/wp\/v2\/comments?post=18375"}],"version-history":[{"count":1,"href":"https:\/\/www.bibliotecadeseguranca.com.br\/fr\/wp-json\/wp\/v2\/posts\/18375\/revisions"}],"predecessor-version":[{"id":18377,"href":"https:\/\/www.bibliotecadeseguranca.com.br\/fr\/wp-json\/wp\/v2\/posts\/18375\/revisions\/18377"}],"wp:featuredmedia":[{"embeddable":true,"href":"https:\/\/www.bibliotecadeseguranca.com.br\/fr\/wp-json\/wp\/v2\/media\/18376"}],"wp:attachment":[{"href":"https:\/\/www.bibliotecadeseguranca.com.br\/fr\/wp-json\/wp\/v2\/media?parent=18375"}],"wp:term":[{"taxonomy":"category","embeddable":true,"href":"https:\/\/www.bibliotecadeseguranca.com.br\/fr\/wp-json\/wp\/v2\/categories?post=18375"},{"taxonomy":"post_tag","embeddable":true,"href":"https:\/\/www.bibliotecadeseguranca.com.br\/fr\/wp-json\/wp\/v2\/tags?post=18375"}],"curies":[{"name":"wp","href":"https:\/\/api.w.org\/{rel}","templated":true}]}}