{"id":18328,"date":"2022-08-05T14:00:22","date_gmt":"2022-08-05T17:00:22","guid":{"rendered":"https:\/\/www.bibliotecadeseguranca.com.br\/fr\/?p=18328"},"modified":"2022-08-05T13:22:13","modified_gmt":"2022-08-05T16:22:13","slug":"xxi-conferencia-de-diretores-dos-colegios-de-defesa-ibereamericanos","status":"publish","type":"post","link":"https:\/\/www.bibliotecadeseguranca.com.br\/fr\/livros\/xxi-conferencia-de-diretores-dos-colegios-de-defesa-ibereamericanos\/","title":{"rendered":"XXI Confer\u00eancia de Diretores dos Col\u00e9gios de Defesa Ibereamericanos"},"content":{"rendered":"<p><span style=\"color: #003366;\"><strong><img loading=\"lazy\" decoding=\"async\" class=\"alignleft size-full wp-image-18329\" src=\"https:\/\/www.bibliotecadeseguranca.com.br\/fr\/wp-content\/uploads\/2022\/08\/xxi-conferencia-de-diretores-dos-colegios-de-defesa-ibereamericanos.jpg\" alt=\"XXI Confer\u00eancia de Diretores dos Col\u00e9gios de Defesa Ibereamericanos\" width=\"145\" height=\"205\" srcset=\"https:\/\/www.bibliotecadeseguranca.com.br\/fr\/wp-content\/uploads\/2022\/08\/xxi-conferencia-de-diretores-dos-colegios-de-defesa-ibereamericanos.jpg 145w, https:\/\/www.bibliotecadeseguranca.com.br\/fr\/wp-content\/uploads\/2022\/08\/xxi-conferencia-de-diretores-dos-colegios-de-defesa-ibereamericanos-106x150.jpg 106w\" sizes=\"auto, (max-width: 145px) 100vw, 145px\" \/>Associa\u00e7\u00e3o dos Col\u00e9gios de Defesa Iberoamericanos (ACDIA)<\/strong><\/span><\/p>\n<p><span style=\"color: #003366;\"><strong>R\u00e9sum\u00e9:<\/strong><\/span> Este livro resulta do trabalho de coopera\u00e7\u00e3o acad\u00e9mica realizado no quadro da Associa\u00e7\u00e3o de Col\u00e9gios de Defesa Ibero-Americanos (ACDIA), cujas atividades anuais incluem a proposta e desenvolvimento de uma obra sobre tema de interesse comum aos v\u00e1rios col\u00e9gios. No decurso da confer\u00eancia realizada em outubro de 2019 na Rep\u00fablica Dominicana, em boa hora foi decidido escolher o tema Lideran\u00e7a Militar para o volume a editar em 2020. \u00c9 com grato prazer que apresentamos esta obra por ocasi\u00e3o da XXI Confer\u00eancia de Diretores da ACDIA, organizada pelo Instituto da Defesa Nacional de Portugal.<br \/>\nUma primeira observa\u00e7\u00e3o que se imp\u00f5e sobre este livro \u00e9 justamente a da enorme relev\u00e2ncia do tema que aborda. A aposta na capacita\u00e7\u00e3o e qualifica\u00e7\u00e3o de pessoas e a valoriza\u00e7\u00e3o do capital humano das organiza\u00e7\u00f5es s\u00e3o sistematicamente apontados como fatores cr\u00edticos para o seu sucesso. Talvez mais ainda que noutros contextos, as organiza\u00e7\u00f5es militares reconhecem esta import\u00e2ncia e sublinham particularmente o papel da lideran\u00e7a para a concretiza\u00e7\u00e3o dos objetivos e para a efic\u00e1cia organizacional.<br \/>\nA pandemia COVID-19 veio refor\u00e7ar ainda mais o impacto do fator humano na gest\u00e3o de emerg\u00eancias complexas, nas quais a qualidade das lideran\u00e7as para a articula\u00e7\u00e3o de processos, recursos e institui\u00e7\u00f5es se revela decisiva.<br \/>\nOs diferentes cap\u00edtulos desta obra oferecem contributos variados sobre o tema, os quais podemos classificar em torno de tr\u00eas grandes dimens\u00f5es: por um lado, a dimens\u00e3o conceptual\/te\u00f3rica, necess\u00e1ria para alicer\u00e7ar os modelos e exerc\u00edcio da lideran\u00e7a e conferir-lhe sentido; por outro, a dimens\u00e3o metodol\u00f3gica, agregando reflex\u00f5es sobre instrumentos e medidas capazes de implementar e promover uma cultura de lideran\u00e7a; finalmente a dimens\u00e3o da a\u00e7\u00e3o que relaciona o conhecimento produzido com a efetiva operacionaliza\u00e7\u00e3o e aplica\u00e7\u00e3o da lideran\u00e7a nos distintos contextos da interven\u00e7\u00e3o militar.<br \/>\nNo plano conceptual encontramos propostas que exploram os alicerces te\u00f3ricos da quest\u00e3o da lideran\u00e7a, identificando os principais valores a ela associados e revisitando autores cl\u00e1ssicos e contempor\u00e2neos que enformam a literatura acad\u00e9mica sobre o tema.<br \/>\nMas identificam-se tamb\u00e9m advert\u00eancias sobre a import\u00e2ncia dos contextos e os efeitos da mudan\u00e7a social: as defini\u00e7\u00f5es te\u00f3ricas associadas aos modelos de lideran\u00e7a n\u00e3o s\u00e3o imut\u00e1veis e a-hist\u00f3ricas; pelo contr\u00e1rio, dependem fortemente do contexto social a que se aplicam e n\u00e3o podem ser estudadas isoladamente; nessa medida, a lideran\u00e7a militar, tal como acontece noutros contextos organizacionais, reflete e deve adaptar-se \u00e0s grandes transforma\u00e7\u00f5es societais e tecnol\u00f3gicas em curso.<\/p>\n<p><a href=\"https:\/\/www.bibliotecadeseguranca.com.br\/wp-content\/uploads\/2022\/08\/xxi-conferencia-de-diretores-dos-colegios-de-defesa-ibereamericanos.pdf\" target=\"_blank\" rel=\"noopener\"><img loading=\"lazy\" decoding=\"async\" class=\"alignleft wp-image-12143 size-full\" src=\"https:\/\/www.bibliotecadeseguranca.com.br\/fr\/wp-content\/uploads\/2015\/03\/download_fr.gif\" alt=\"T\u00e9l\u00e9charger\" width=\"107\" height=\"25\" \/><\/a><\/p>\n","protected":false},"excerpt":{"rendered":"<p>Associa\u00e7\u00e3o dos Col\u00e9gios de Defesa Iberoamericanos (ACDIA) R\u00e9sum\u00e9: Este livro resulta do trabalho de coopera\u00e7\u00e3o acad\u00e9mica realizado no quadro da Associa\u00e7\u00e3o de Col\u00e9gios de Defesa Ibero-Americanos (ACDIA), cujas atividades anuais incluem a proposta e desenvolvimento de uma obra sobre tema de interesse comum aos v\u00e1rios col\u00e9gios. No decurso da confer\u00eancia realizada em outubro de 2019 na Rep\u00fablica Dominicana, em boa hora foi decidido escolher o tema Lideran\u00e7a Militar para o&hellip; <\/p>\n","protected":false},"author":3,"featured_media":18329,"comment_status":"open","ping_status":"closed","sticky":false,"template":"","format":"standard","meta":{"footnotes":""},"categories":[81,6,25,112],"tags":[],"class_list":["post-18328","post","type-post","status-publish","format-standard","has-post-thumbnail","hentry","category-espanol","category-livros","category-seguranca-publica-e-defesa","category-download"],"views":127,"_links":{"self":[{"href":"https:\/\/www.bibliotecadeseguranca.com.br\/fr\/wp-json\/wp\/v2\/posts\/18328","targetHints":{"allow":["GET"]}}],"collection":[{"href":"https:\/\/www.bibliotecadeseguranca.com.br\/fr\/wp-json\/wp\/v2\/posts"}],"about":[{"href":"https:\/\/www.bibliotecadeseguranca.com.br\/fr\/wp-json\/wp\/v2\/types\/post"}],"author":[{"embeddable":true,"href":"https:\/\/www.bibliotecadeseguranca.com.br\/fr\/wp-json\/wp\/v2\/users\/3"}],"replies":[{"embeddable":true,"href":"https:\/\/www.bibliotecadeseguranca.com.br\/fr\/wp-json\/wp\/v2\/comments?post=18328"}],"version-history":[{"count":1,"href":"https:\/\/www.bibliotecadeseguranca.com.br\/fr\/wp-json\/wp\/v2\/posts\/18328\/revisions"}],"predecessor-version":[{"id":18330,"href":"https:\/\/www.bibliotecadeseguranca.com.br\/fr\/wp-json\/wp\/v2\/posts\/18328\/revisions\/18330"}],"wp:featuredmedia":[{"embeddable":true,"href":"https:\/\/www.bibliotecadeseguranca.com.br\/fr\/wp-json\/wp\/v2\/media\/18329"}],"wp:attachment":[{"href":"https:\/\/www.bibliotecadeseguranca.com.br\/fr\/wp-json\/wp\/v2\/media?parent=18328"}],"wp:term":[{"taxonomy":"category","embeddable":true,"href":"https:\/\/www.bibliotecadeseguranca.com.br\/fr\/wp-json\/wp\/v2\/categories?post=18328"},{"taxonomy":"post_tag","embeddable":true,"href":"https:\/\/www.bibliotecadeseguranca.com.br\/fr\/wp-json\/wp\/v2\/tags?post=18328"}],"curies":[{"name":"wp","href":"https:\/\/api.w.org\/{rel}","templated":true}]}}