{"id":18309,"date":"2022-07-28T14:00:16","date_gmt":"2022-07-28T17:00:16","guid":{"rendered":"https:\/\/www.bibliotecadeseguranca.com.br\/fr\/?p=18309"},"modified":"2022-07-28T13:10:26","modified_gmt":"2022-07-28T16:10:26","slug":"articuler-risques-planification-durgence-et-gestion-de-crise","status":"publish","type":"post","link":"https:\/\/www.bibliotecadeseguranca.com.br\/fr\/livros\/articuler-risques-planification-durgence-et-gestion-de-crise\/","title":{"rendered":"Articuler risques, Planification d&#8217;urgence et Gestion de Crise"},"content":{"rendered":"<p><span style=\"color: #003366;\"><strong><img loading=\"lazy\" decoding=\"async\" class=\"alignleft size-full wp-image-18310\" src=\"https:\/\/www.bibliotecadeseguranca.com.br\/fr\/wp-content\/uploads\/2022\/07\/articuler-risques-planification-durgence-et-gestion-de-crise.jpg\" alt=\"Articuler risques, Planification d'urgence et Gestion de Crise\" width=\"145\" height=\"220\" srcset=\"https:\/\/www.bibliotecadeseguranca.com.br\/fr\/wp-content\/uploads\/2022\/07\/articuler-risques-planification-durgence-et-gestion-de-crise.jpg 145w, https:\/\/www.bibliotecadeseguranca.com.br\/fr\/wp-content\/uploads\/2022\/07\/articuler-risques-planification-durgence-et-gestion-de-crise-99x150.jpg 99w\" sizes=\"auto, (max-width: 145px) 100vw, 145px\" \/>S\u00e9bastien Brunet, Catherine Fallon, Pierre Ozer, Nathalie Schiffino, Aline Thiry<\/strong><\/span><\/p>\n<p><span style=\"color: #003366;\"><strong>Maison d&#8217;\u00e9dition De Boeck<\/strong><\/span><\/p>\n<p><span style=\"color: #003366;\"><strong>R\u00e9sum\u00e9:<\/strong><\/span> Une maison explose en plein coeur de la ville de Li\u00e8ge, pi\u00e9geant plusieurs victimes sous les d\u00e9combres&#8230; C&#8217;est le d\u00e9clenchement de nombreuses actions men\u00e9es dans l&#8217;urgence par des professionnels du risque et de la gestion de crise (services d&#8217;incendie, policiers, ambulanciers, secouristes, services communaux et provinciaux, etc.).<br \/>\nPartant de l&#8217;analyse de cet \u00e9v\u00e9nement et de ses enseignements, cet ouvrage, fruit de rencontres entre chercheurs et professionnels, tente d&#8217;articuler risques, planification d&#8217;urgence et gestion de crise. La diversit\u00e9 des ph\u00e9nom\u00e8nes auxquels nos soci\u00e9t\u00e9s sont confront\u00e9es est grande et l&#8217;organisation de l&#8217;action publique dans ce domaine n\u00e9cessite la coordination d&#8217;acteurs et d&#8217;institutions aux comp\u00e9tences et horizons diff\u00e9rents. Cet ouvrage a pour ambition de d\u00e9cortiquer cette r\u00e9alit\u00e9 en l&#8217;\u00e9clairant ici avec des consid\u00e9rations th\u00e9oriques et l\u00e0 avec des exemples concrets issus de l&#8217;exp\u00e9rience de terrain.<\/p>\n<p>Les auteurs aborderont notamment les aspects suivants :<br \/>\n\u00b0 le cadre institutionnel et juridique de la gestion de crise ;<br \/>\n\u00b0 la pragmatique de la planification ;<br \/>\n\u00b0 les responsabilit\u00e9s fonctionnelles civile et p\u00e9nale des organes communaux ;<br \/>\n\u00b0 les risques naturels ;<br \/>\n\u00b0 la diversit\u00e9 des notions de risque ;<br \/>\n\u00b0 l&#8217;\u00e9valuation et la gestion des risques.<\/p>\n<p>Ce livre int\u00e9ressera un large public allant du lecteur curieux aux professionnels du risque, en passant par les fonctionnaires communaux et provinciaux en charge de la planification d&#8217;urgence et les autorit\u00e9s locales.<\/p>\n<p>Docteur en science politique et administration publique sp\u00e9cialis\u00e9 dans l&#8217;\u00e9tude des risques et les m\u00e9thodes participatives, S\u00e9bastien BRUNET est administrateur g\u00e9n\u00e9ral de l&#8217;Institut wallon de l&#8217;\u00e9valuation, de la prospective et de la statistique (IWEPS) et professeur \u00e0 la Facult\u00e9 de droit et de science politique de l&#8217;Universit\u00e9 de Li\u00e8ge.<\/p>\n<p>Ing\u00e9nieur civil chimiste de l&#8217;Universit\u00e9 catholique de Louvain, docteur en sciences politiques et sociales et licenci\u00e9e en sociologie de l&#8217;Universit\u00e9 de Li\u00e8ge, Catherine FALLON est directrice du centre de recherches SPIRAL et professeur au D\u00e9partement de science politique de l&#8217;ULg.<\/p>\n<p>Docteur en g\u00e9ographie, Pierre OZER est sp\u00e9cialis\u00e9 dans les probl\u00e8mes li\u00e9s \u00e0 la d\u00e9sertification, aux catastrophes naturelles et \u00e0 leur gestion et \u00e0 de nombreux al\u00e9as climatiques. Il est actuellement charg\u00e9 de recherches au D\u00e9partement des sciences et gestion de l&#8217;environnement de l&#8217;Universit\u00e9 de Li\u00e8ge.<\/p>\n<p>Docteur en science politique, orientation gouvernement et administration publique, Nathalie SCHIFFINO est professeur en science politique \u00e0 l&#8217;Universit\u00e9 catholique de Louvain, Institut de science politique Louvain Europe (ISPOLE).<\/p>\n<p>Ucenci\u00e9e en sociologie et anthropologie, orientation sociologie, de l&#8217;Universit\u00e9 libre de Bruxelles, Aline THIRY est assistante au D\u00e9partement de science politique de l&#8217;Universit\u00e9 de Li\u00e8ge et charg\u00e9e de recherches au centre de recherches SPIRAL<\/p>\n<p>Avec les contributions de Jean-Pol Bair, Jean-Paul Ledoux et Marc Minet.<\/p>\n","protected":false},"excerpt":{"rendered":"<p>S\u00e9bastien Brunet, Catherine Fallon, Pierre Ozer, Nathalie Schiffino, Aline Thiry Maison d&#8217;\u00e9dition De Boeck R\u00e9sum\u00e9: Une maison explose en plein coeur de la ville de Li\u00e8ge, pi\u00e9geant plusieurs victimes sous les d\u00e9combres&#8230; C&#8217;est le d\u00e9clenchement de nombreuses actions men\u00e9es dans l&#8217;urgence par des professionnels du risque et de la gestion de crise (services d&#8217;incendie, policiers, ambulanciers, secouristes, services communaux et provinciaux, etc.). Partant de l&#8217;analyse de cet \u00e9v\u00e9nement et de&hellip; <\/p>\n","protected":false},"author":3,"featured_media":18310,"comment_status":"open","ping_status":"closed","sticky":false,"template":"","format":"standard","meta":{"footnotes":""},"categories":[109,6,19],"tags":[],"class_list":["post-18309","post","type-post","status-publish","format-standard","has-post-thumbnail","hentry","category-francais","category-livros","category-risco-e-perdas"],"views":261,"_links":{"self":[{"href":"https:\/\/www.bibliotecadeseguranca.com.br\/fr\/wp-json\/wp\/v2\/posts\/18309","targetHints":{"allow":["GET"]}}],"collection":[{"href":"https:\/\/www.bibliotecadeseguranca.com.br\/fr\/wp-json\/wp\/v2\/posts"}],"about":[{"href":"https:\/\/www.bibliotecadeseguranca.com.br\/fr\/wp-json\/wp\/v2\/types\/post"}],"author":[{"embeddable":true,"href":"https:\/\/www.bibliotecadeseguranca.com.br\/fr\/wp-json\/wp\/v2\/users\/3"}],"replies":[{"embeddable":true,"href":"https:\/\/www.bibliotecadeseguranca.com.br\/fr\/wp-json\/wp\/v2\/comments?post=18309"}],"version-history":[{"count":1,"href":"https:\/\/www.bibliotecadeseguranca.com.br\/fr\/wp-json\/wp\/v2\/posts\/18309\/revisions"}],"predecessor-version":[{"id":18311,"href":"https:\/\/www.bibliotecadeseguranca.com.br\/fr\/wp-json\/wp\/v2\/posts\/18309\/revisions\/18311"}],"wp:featuredmedia":[{"embeddable":true,"href":"https:\/\/www.bibliotecadeseguranca.com.br\/fr\/wp-json\/wp\/v2\/media\/18310"}],"wp:attachment":[{"href":"https:\/\/www.bibliotecadeseguranca.com.br\/fr\/wp-json\/wp\/v2\/media?parent=18309"}],"wp:term":[{"taxonomy":"category","embeddable":true,"href":"https:\/\/www.bibliotecadeseguranca.com.br\/fr\/wp-json\/wp\/v2\/categories?post=18309"},{"taxonomy":"post_tag","embeddable":true,"href":"https:\/\/www.bibliotecadeseguranca.com.br\/fr\/wp-json\/wp\/v2\/tags?post=18309"}],"curies":[{"name":"wp","href":"https:\/\/api.w.org\/{rel}","templated":true}]}}