{"id":18280,"date":"2022-07-15T14:00:40","date_gmt":"2022-07-15T17:00:40","guid":{"rendered":"https:\/\/www.bibliotecadeseguranca.com.br\/fr\/?p=18280"},"modified":"2022-07-15T12:27:02","modified_gmt":"2022-07-15T15:27:02","slug":"brigade-criminelle-immersion-au-coeur-du-36-quai-des-orfevres","status":"publish","type":"post","link":"https:\/\/www.bibliotecadeseguranca.com.br\/fr\/livros\/brigade-criminelle-immersion-au-coeur-du-36-quai-des-orfevres\/","title":{"rendered":"Brigade criminelle, immersion au coeur du 36, quai des Orf\u00e8vres"},"content":{"rendered":"<p><span style=\"color: #003366;\"><strong><img loading=\"lazy\" decoding=\"async\" class=\"alignleft size-full wp-image-18281\" src=\"https:\/\/www.bibliotecadeseguranca.com.br\/fr\/wp-content\/uploads\/2022\/07\/brigade-criminelle-immersion-au-coeur-du-36-quai-des-orfevres.jpg\" alt=\"Brigade criminelle, immersion au coeur du 36, quai des Orf\u00e8vres\" width=\"145\" height=\"188\" srcset=\"https:\/\/www.bibliotecadeseguranca.com.br\/fr\/wp-content\/uploads\/2022\/07\/brigade-criminelle-immersion-au-coeur-du-36-quai-des-orfevres.jpg 145w, https:\/\/www.bibliotecadeseguranca.com.br\/fr\/wp-content\/uploads\/2022\/07\/brigade-criminelle-immersion-au-coeur-du-36-quai-des-orfevres-116x150.jpg 116w\" sizes=\"auto, (max-width: 145px) 100vw, 145px\" \/>Raynal Pellicer, Titwane<\/strong><\/span><\/p>\n<p><span style=\"color: #003366;\"><strong>Maison d&#8217;\u00e9dition La Martini\u00e8re<\/strong><\/span><\/p>\n<p><span style=\"color: #003366;\"><strong>R\u00e9sum\u00e9:<\/strong><\/span> Apr\u00e8s un premier r\u00e9cit graphique consacr\u00e9 \u00e0 la brigade de r\u00e9pression du banditisme, intitul\u00e9 \u00abenqu\u00eates g\u00e9n\u00e9rales\u00bb, titwane et raynal pellicer ont obtenu l&#8217;autorisation exceptionnelle de suivre les policiers de la brigade criminelle \u00e0 paris.<br \/>\nUne immersion de quatre mois dans le saint des saints, le mythique \u00ab36, quai des orf\u00e8vres\u00bb. La \u00abcrim&#8217;\u00bb, l&#8217;ancienne brigade du chef cr\u00e9\u00e9e en 1912, est toujours consid\u00e9r\u00e9e comme le plus prestigieux des services de la police judiciaire parisienne et li\u00e9e aux plus grandes affaires criminelles : de marcel petiot \u00e0 guy georges.<br \/>\nCe livre relate le quotidien de plusieurs groupes d&#8217;enqu\u00eates de droit commun et de la section antiterroriste et propose un large pancrama d&#8217;affaires, du crime passionnel aux r\u00e8glements de comptes li\u00e9s aux arnaques \u00e0 la taxe carbone, en passant par les fili\u00e8res syriennes.<br \/>\nQuelques jours avant le d\u00e9but de l&#8217;immersion, un ancien flic de la BRB, devenu proc\u00e9durier \u00e0 la brigade criminelle, pr\u00e9venait sur un ton amical :<br \/>\n\u00ab\u00c0 la BRB tu as eu affaire \u00e0 des voleurs de pommes. Mais ici chaque histoire est un drame, ici, tu vas croiser le mal.\u00bb<\/p>\n","protected":false},"excerpt":{"rendered":"<p>Raynal Pellicer, Titwane Maison d&#8217;\u00e9dition La Martini\u00e8re R\u00e9sum\u00e9: Apr\u00e8s un premier r\u00e9cit graphique consacr\u00e9 \u00e0 la brigade de r\u00e9pression du banditisme, intitul\u00e9 \u00abenqu\u00eates g\u00e9n\u00e9rales\u00bb, titwane et raynal pellicer ont obtenu l&#8217;autorisation exceptionnelle de suivre les policiers de la brigade criminelle \u00e0 paris. Une immersion de quatre mois dans le saint des saints, le mythique \u00ab36, quai des orf\u00e8vres\u00bb. La \u00abcrim&#8217;\u00bb, l&#8217;ancienne brigade du chef cr\u00e9\u00e9e en 1912, est toujours consid\u00e9r\u00e9e&hellip; <\/p>\n","protected":false},"author":3,"featured_media":18281,"comment_status":"open","ping_status":"closed","sticky":false,"template":"","format":"standard","meta":{"footnotes":""},"categories":[10,109,15,6,25],"tags":[],"class_list":["post-18280","post","type-post","status-publish","format-standard","has-post-thumbnail","hentry","category-crime-violencia-e-criminologia","category-francais","category-fraude-e-investigacao","category-livros","category-seguranca-publica-e-defesa"],"views":424,"_links":{"self":[{"href":"https:\/\/www.bibliotecadeseguranca.com.br\/fr\/wp-json\/wp\/v2\/posts\/18280","targetHints":{"allow":["GET"]}}],"collection":[{"href":"https:\/\/www.bibliotecadeseguranca.com.br\/fr\/wp-json\/wp\/v2\/posts"}],"about":[{"href":"https:\/\/www.bibliotecadeseguranca.com.br\/fr\/wp-json\/wp\/v2\/types\/post"}],"author":[{"embeddable":true,"href":"https:\/\/www.bibliotecadeseguranca.com.br\/fr\/wp-json\/wp\/v2\/users\/3"}],"replies":[{"embeddable":true,"href":"https:\/\/www.bibliotecadeseguranca.com.br\/fr\/wp-json\/wp\/v2\/comments?post=18280"}],"version-history":[{"count":1,"href":"https:\/\/www.bibliotecadeseguranca.com.br\/fr\/wp-json\/wp\/v2\/posts\/18280\/revisions"}],"predecessor-version":[{"id":18282,"href":"https:\/\/www.bibliotecadeseguranca.com.br\/fr\/wp-json\/wp\/v2\/posts\/18280\/revisions\/18282"}],"wp:featuredmedia":[{"embeddable":true,"href":"https:\/\/www.bibliotecadeseguranca.com.br\/fr\/wp-json\/wp\/v2\/media\/18281"}],"wp:attachment":[{"href":"https:\/\/www.bibliotecadeseguranca.com.br\/fr\/wp-json\/wp\/v2\/media?parent=18280"}],"wp:term":[{"taxonomy":"category","embeddable":true,"href":"https:\/\/www.bibliotecadeseguranca.com.br\/fr\/wp-json\/wp\/v2\/categories?post=18280"},{"taxonomy":"post_tag","embeddable":true,"href":"https:\/\/www.bibliotecadeseguranca.com.br\/fr\/wp-json\/wp\/v2\/tags?post=18280"}],"curies":[{"name":"wp","href":"https:\/\/api.w.org\/{rel}","templated":true}]}}