{"id":18265,"date":"2022-07-08T14:00:57","date_gmt":"2022-07-08T17:00:57","guid":{"rendered":"https:\/\/www.bibliotecadeseguranca.com.br\/fr\/?p=18265"},"modified":"2022-07-08T11:51:39","modified_gmt":"2022-07-08T14:51:39","slug":"revista-fenavist-ano-xix-n-40-abril-maio-2022","status":"publish","type":"post","link":"https:\/\/www.bibliotecadeseguranca.com.br\/fr\/periodicos-de-seguranca\/revista-fenavist-ano-xix-n-40-abril-maio-2022\/","title":{"rendered":"Revista Fenavist \u2013 Ano XIX \u2013 N 40 \u2013 Abril\/Maio 2022"},"content":{"rendered":"<p><span style=\"color: #003366;\"><strong><img loading=\"lazy\" decoding=\"async\" class=\"alignleft size-full wp-image-18266\" src=\"https:\/\/www.bibliotecadeseguranca.com.br\/fr\/wp-content\/uploads\/2022\/07\/revista-fenavist-ano-xix-n-40-abril-maio-2022.jpg\" alt=\"Revista Fenavist \u2013 Ano XIX \u2013 N 40 \u2013 Abril\/Maio 2022\" width=\"145\" height=\"195\" srcset=\"https:\/\/www.bibliotecadeseguranca.com.br\/fr\/wp-content\/uploads\/2022\/07\/revista-fenavist-ano-xix-n-40-abril-maio-2022.jpg 145w, https:\/\/www.bibliotecadeseguranca.com.br\/fr\/wp-content\/uploads\/2022\/07\/revista-fenavist-ano-xix-n-40-abril-maio-2022-112x150.jpg 112w\" sizes=\"auto, (max-width: 145px) 100vw, 145px\" \/>R\u00e9sum\u00e9:<\/strong><\/span> OBRIGADO PELA CONFIAN\u00c7A<\/p>\n<p>Quando assumi a Federa\u00e7\u00e3o Nacional das Empresas de Seguran\u00e7a e Transporte de Valores (Fenavist), em 2014, para o meu primeiro mandato, digo a todos, j\u00e1 tinha no\u00e7\u00e3o de que o desafio era enorme, mas ele se tornou ainda maior com a crise econ\u00f4mica iniciada em 2015 e acentuada nos anos subsequentes por quest\u00f5es pol\u00edticas, pandemia e agora a invas\u00e3o da Ucr\u00e2nia.<br \/>\nEm 2018, fui reconduzido ao cargo pela primeira vez. Naquele momento, acreditava que seria meu \u00faltimo mandato \u00e0 frente da Fenavist. Deixaria o cargo este ano para algum dos v\u00e1rios grandes empres\u00e1rios do segmento com o Estatuto da Seguran\u00e7a Privada aprovado, como forma de agradecimento a todo o apoio recebido. No entanto, a aprova\u00e7\u00e3o n\u00e3o foi poss\u00edvel. Nos \u00faltimos dois anos, o Congresso Nacional, praticamente, s\u00f3 aprovou mat\u00e9rias relacionadas com a pandemia, e os \u00faltimos meses de 2022 devem ser voltados para a disputa eleitoral.<br \/>\nConfesso que seria uma frustra\u00e7\u00e3o deixar o cargo sem a aprova\u00e7\u00e3o do Estatuto da Seguran\u00e7a Privada. Mas esse segmento, que tanto me tem apoiado, resolveu me dar uma nova chance. A uni\u00e3o que tem marcado a trajet\u00f3ria da seguran\u00e7a privada nos \u00faltimos tempos voltou a ficar evidente mais uma vez. Sem disputas desgastantes, sem brigas desnecess\u00e1rias, a elei\u00e7\u00e3o para o comando da Fenavist nos pr\u00f3ximos quatro anos ocorreu por chapa \u00fanica. E, para minha felicidade e surpresa, recebi o chamado para presidir a entidade para mais um mandato.<\/p>\n<p>Assim, agrade\u00e7o e prometo fazer o imposs\u00edvel para retribuir a confian\u00e7a neste momento em que recebemos apoio de duas partes muito importantes. Um, do Conselho Nacional de Justi\u00e7a (CNJ), que emitiu uma nota t\u00e9cnica cobrando a rapidez na aprova\u00e7\u00e3o do Estatuto da Seguran\u00e7a Privada (Substitutivo da C\u00e2mara n\u00ba 6\/2016 ao Projeto de Lei do Senado n\u00ba 135\/2010). E o outro, do ministro-chefe da Casa Civil, Ciro Nogueira, com quem, no dia 21 de mar\u00e7o, me reuni e ele se prontificou a nos ajudar.<br \/>\nUm outro tema que o segmento tem acompanhado de perto \u00e9 a vota\u00e7\u00e3o da Proposta de Emenda \u00e0 Constitui\u00e7\u00e3o (PEC) 110. Do jeito que o texto se encontra, os preju\u00edzos para todo o setor de servi\u00e7os, incluindo o da seguran\u00e7a privada, s\u00e3o incont\u00e1veis. Sem as devidas altera\u00e7\u00f5es, a PEC, sequer, deveria ser analisada. A Fenavist tem negociado com os senadores para evitar que a atividade seja prejudicada.<\/p>\n<p>Amigos, mais uma vez, muito obrigado!<\/p>\n<p>Juntos, somos mais fortes!<\/p>\n<p>Jeferson Naz\u00e1rio<br \/>\nPresidente da Fenavist<\/p>\n<p><a href=\"https:\/\/www.bibliotecadeseguranca.com.br\/wp-content\/uploads\/2022\/07\/revista-fenavist-ano-xix-n-40-abril-maio-2022.pdf\" target=\"_blank\" rel=\"noopener\"><img loading=\"lazy\" decoding=\"async\" class=\"alignleft wp-image-12143 size-full\" src=\"https:\/\/www.bibliotecadeseguranca.com.br\/fr\/wp-content\/uploads\/2015\/03\/download_fr.gif\" alt=\"T\u00e9l\u00e9charger\" width=\"107\" height=\"25\" \/><\/a><\/p>\n","protected":false},"excerpt":{"rendered":"<p>R\u00e9sum\u00e9: OBRIGADO PELA CONFIAN\u00c7A Quando assumi a Federa\u00e7\u00e3o Nacional das Empresas de Seguran\u00e7a e Transporte de Valores (Fenavist), em 2014, para o meu primeiro mandato, digo a todos, j\u00e1 tinha no\u00e7\u00e3o de que o desafio era enorme, mas ele se tornou ainda maior com a crise econ\u00f4mica iniciada em 2015 e acentuada nos anos subsequentes por quest\u00f5es pol\u00edticas, pandemia e agora a invas\u00e3o da Ucr\u00e2nia. Em 2018, fui reconduzido ao&hellip; <\/p>\n","protected":false},"author":3,"featured_media":18266,"comment_status":"open","ping_status":"closed","sticky":false,"template":"","format":"standard","meta":{"footnotes":""},"categories":[124,71,112],"tags":[],"class_list":["post-18265","post","type-post","status-publish","format-standard","has-post-thumbnail","hentry","category-revista-fenavist","category-periodicos-de-seguranca","category-download"],"views":365,"_links":{"self":[{"href":"https:\/\/www.bibliotecadeseguranca.com.br\/fr\/wp-json\/wp\/v2\/posts\/18265","targetHints":{"allow":["GET"]}}],"collection":[{"href":"https:\/\/www.bibliotecadeseguranca.com.br\/fr\/wp-json\/wp\/v2\/posts"}],"about":[{"href":"https:\/\/www.bibliotecadeseguranca.com.br\/fr\/wp-json\/wp\/v2\/types\/post"}],"author":[{"embeddable":true,"href":"https:\/\/www.bibliotecadeseguranca.com.br\/fr\/wp-json\/wp\/v2\/users\/3"}],"replies":[{"embeddable":true,"href":"https:\/\/www.bibliotecadeseguranca.com.br\/fr\/wp-json\/wp\/v2\/comments?post=18265"}],"version-history":[{"count":1,"href":"https:\/\/www.bibliotecadeseguranca.com.br\/fr\/wp-json\/wp\/v2\/posts\/18265\/revisions"}],"predecessor-version":[{"id":18267,"href":"https:\/\/www.bibliotecadeseguranca.com.br\/fr\/wp-json\/wp\/v2\/posts\/18265\/revisions\/18267"}],"wp:featuredmedia":[{"embeddable":true,"href":"https:\/\/www.bibliotecadeseguranca.com.br\/fr\/wp-json\/wp\/v2\/media\/18266"}],"wp:attachment":[{"href":"https:\/\/www.bibliotecadeseguranca.com.br\/fr\/wp-json\/wp\/v2\/media?parent=18265"}],"wp:term":[{"taxonomy":"category","embeddable":true,"href":"https:\/\/www.bibliotecadeseguranca.com.br\/fr\/wp-json\/wp\/v2\/categories?post=18265"},{"taxonomy":"post_tag","embeddable":true,"href":"https:\/\/www.bibliotecadeseguranca.com.br\/fr\/wp-json\/wp\/v2\/tags?post=18265"}],"curies":[{"name":"wp","href":"https:\/\/api.w.org\/{rel}","templated":true}]}}