{"id":18233,"date":"2022-06-24T14:00:45","date_gmt":"2022-06-24T17:00:45","guid":{"rendered":"https:\/\/www.bibliotecadeseguranca.com.br\/fr\/?p=18233"},"modified":"2022-06-24T13:52:24","modified_gmt":"2022-06-24T16:52:24","slug":"revista-fenavist-ano-xix-n-39-dezembro-2021","status":"publish","type":"post","link":"https:\/\/www.bibliotecadeseguranca.com.br\/fr\/periodicos-de-seguranca\/revista-fenavist-ano-xix-n-39-dezembro-2021\/","title":{"rendered":"Revista Fenavist \u2013 Ano XIX \u2013 N 39 \u2013 Dezembro 2021"},"content":{"rendered":"<p><span style=\"color: #003366;\"><strong><img loading=\"lazy\" decoding=\"async\" class=\"alignleft size-full wp-image-18234\" src=\"https:\/\/www.bibliotecadeseguranca.com.br\/fr\/wp-content\/uploads\/2022\/06\/revista-fenavist-ano-xix-n-39-dezembro-2021.jpg\" alt=\"Revista Fenavist \u2013 Ano XIX \u2013 N 39 \u2013 Dezembro 2021\" width=\"145\" height=\"195\" srcset=\"https:\/\/www.bibliotecadeseguranca.com.br\/fr\/wp-content\/uploads\/2022\/06\/revista-fenavist-ano-xix-n-39-dezembro-2021.jpg 145w, https:\/\/www.bibliotecadeseguranca.com.br\/fr\/wp-content\/uploads\/2022\/06\/revista-fenavist-ano-xix-n-39-dezembro-2021-112x150.jpg 112w\" sizes=\"auto, (max-width: 145px) 100vw, 145px\" \/>R\u00e9sum\u00e9:<\/strong><\/span> MAIS UM ROUND<\/p>\n<p>Estamos pr\u00f3ximos do final de mais um ano. E s\u00f3 consigo pensar que, na nossa luta di\u00e1ria pela sobreviv\u00eancia do segmento, vencemos mais um round. O ano de 2021, infelizmente, foi t\u00e3o duro e cheio de desafios quanto os \u00faltimos.<br \/>\nCalma, antes que se iniciem os questionamentos, \u00e9 \u00f3bvio que temos algo muito importante a comemorar e, talvez, seja a maior vit\u00f3ria do ano, a vacina\u00e7\u00e3o em massa da popula\u00e7\u00e3o brasileira e a redu\u00e7\u00e3o gigantesca dos n\u00fameros de casos e mortes provocados pela covid-19 nos \u00faltimos tr\u00eas, quatro meses.<\/p>\n<p>Essa mudan\u00e7a de cen\u00e1rio \u00e9 sim um alento e vislumbre de perspectivas mais positivas, mas n\u00e3o podemos pensar que a luta est\u00e1 completamente vencida nem nos esquecermos de todas as fam\u00edlias que perderam entes queridos.<\/p>\n<p>Passamos os \u00faltimos doze meses batalhando diariamente. A crise econ\u00f4mica se acentuou. Infla\u00e7\u00e3o e d\u00f3lar disparados, bolsa em queda em v\u00e1rios momentos impuseram ainda mais desafios \u00e0 nossa atividade. O cobertor que era curto encolheu mais um pouco. Para sobreviver, fomos obrigados a nos reinventar a cada vinte e quatro horas, n\u00e3o s\u00f3 dentro das nossas empresas, mas tamb\u00e9m nas entidades que representamos.<\/p>\n<p>A Fenavist, ao lado dos sindicatos, atuou de todas as maneiras para minimizar todos os obst\u00e1culos que se apresentaram aos atores do segmento. Conseguimos muitas conquistas, no entanto, admito que uma grande frustra\u00e7\u00e3o permaneceu. Novamente, o Senado relegou uma das pautas mais importantes do Pa\u00eds por tudo que representa:<br \/>\no Estatuto da Seguran\u00e7a Privada. Mas, n\u00e3o desistiremos dessa batalha. Esse round est\u00e1 apenas empatado, e tenho certeza de que venceremos, assim como contribuiremos para uma mudan\u00e7a estrutural na sociedade brasileira. O Selo e a Cartilha \u201cSeguran\u00e7a sem Preconceito\u201d, que lan\u00e7amos juntamente com a Associa\u00e7\u00e3o Brasileira de Cursos e Aperfei\u00e7oamento de Vigilantes (ABCFAV), fazem parte dessa nossa luta.<\/p>\n<p>O lan\u00e7amento dessa campanha em meio a tantas dificuldades \u00e9 s\u00f3 mais uma das a\u00e7\u00f5es que comprovam o quanto a seguran\u00e7a privada tem papel fundamental no Brasil. Tamb\u00e9m serve de combust\u00edvel para que iniciemos 2022 com as esperan\u00e7as renovadas e prontos para todos os rounds que precisemos lutar.<\/p>\n<p>Para a seguran\u00e7a privada brasileira, a op\u00e7\u00e3o desistir n\u00e3o existe. Sempre vamos at\u00e9 o fim para conquistar nossos objetivos.<\/p>\n<p>Um feliz natal e um excelente ano de 2022!<\/p>\n<p>Jeferson Naz\u00e1rio<br \/>\nPresidente da Fenavist<\/p>\n<p><a href=\"https:\/\/www.bibliotecadeseguranca.com.br\/wp-content\/uploads\/2022\/06\/revista-fenavist-ano-xix-n-39-dezembro-2021.pdf\" target=\"_blank\" rel=\"noopener\"><img loading=\"lazy\" decoding=\"async\" class=\"alignleft wp-image-12143 size-full\" src=\"https:\/\/www.bibliotecadeseguranca.com.br\/fr\/wp-content\/uploads\/2015\/03\/download_fr.gif\" alt=\"T\u00e9l\u00e9charger\" width=\"107\" height=\"25\" \/><\/a><\/p>\n","protected":false},"excerpt":{"rendered":"<p>R\u00e9sum\u00e9: MAIS UM ROUND Estamos pr\u00f3ximos do final de mais um ano. E s\u00f3 consigo pensar que, na nossa luta di\u00e1ria pela sobreviv\u00eancia do segmento, vencemos mais um round. O ano de 2021, infelizmente, foi t\u00e3o duro e cheio de desafios quanto os \u00faltimos. Calma, antes que se iniciem os questionamentos, \u00e9 \u00f3bvio que temos algo muito importante a comemorar e, talvez, seja a maior vit\u00f3ria do ano, a vacina\u00e7\u00e3o&hellip; <\/p>\n","protected":false},"author":3,"featured_media":18234,"comment_status":"open","ping_status":"closed","sticky":false,"template":"","format":"standard","meta":{"footnotes":""},"categories":[124,71],"tags":[],"class_list":["post-18233","post","type-post","status-publish","format-standard","has-post-thumbnail","hentry","category-revista-fenavist","category-periodicos-de-seguranca"],"views":191,"_links":{"self":[{"href":"https:\/\/www.bibliotecadeseguranca.com.br\/fr\/wp-json\/wp\/v2\/posts\/18233","targetHints":{"allow":["GET"]}}],"collection":[{"href":"https:\/\/www.bibliotecadeseguranca.com.br\/fr\/wp-json\/wp\/v2\/posts"}],"about":[{"href":"https:\/\/www.bibliotecadeseguranca.com.br\/fr\/wp-json\/wp\/v2\/types\/post"}],"author":[{"embeddable":true,"href":"https:\/\/www.bibliotecadeseguranca.com.br\/fr\/wp-json\/wp\/v2\/users\/3"}],"replies":[{"embeddable":true,"href":"https:\/\/www.bibliotecadeseguranca.com.br\/fr\/wp-json\/wp\/v2\/comments?post=18233"}],"version-history":[{"count":1,"href":"https:\/\/www.bibliotecadeseguranca.com.br\/fr\/wp-json\/wp\/v2\/posts\/18233\/revisions"}],"predecessor-version":[{"id":18235,"href":"https:\/\/www.bibliotecadeseguranca.com.br\/fr\/wp-json\/wp\/v2\/posts\/18233\/revisions\/18235"}],"wp:featuredmedia":[{"embeddable":true,"href":"https:\/\/www.bibliotecadeseguranca.com.br\/fr\/wp-json\/wp\/v2\/media\/18234"}],"wp:attachment":[{"href":"https:\/\/www.bibliotecadeseguranca.com.br\/fr\/wp-json\/wp\/v2\/media?parent=18233"}],"wp:term":[{"taxonomy":"category","embeddable":true,"href":"https:\/\/www.bibliotecadeseguranca.com.br\/fr\/wp-json\/wp\/v2\/categories?post=18233"},{"taxonomy":"post_tag","embeddable":true,"href":"https:\/\/www.bibliotecadeseguranca.com.br\/fr\/wp-json\/wp\/v2\/tags?post=18233"}],"curies":[{"name":"wp","href":"https:\/\/api.w.org\/{rel}","templated":true}]}}