{"id":18217,"date":"2022-06-17T14:00:45","date_gmt":"2022-06-17T17:00:45","guid":{"rendered":"https:\/\/www.bibliotecadeseguranca.com.br\/fr\/?p=18217"},"modified":"2022-06-17T12:37:19","modified_gmt":"2022-06-17T15:37:19","slug":"securite-et-surete-guide-pratique-et-juridique","status":"publish","type":"post","link":"https:\/\/www.bibliotecadeseguranca.com.br\/fr\/livros\/securite-et-surete-guide-pratique-et-juridique\/","title":{"rendered":"S\u00e9curit\u00e9 et s\u00fbret\u00e9 : guide pratique et juridique"},"content":{"rendered":"<p><span style=\"color: #003366;\"><strong><img loading=\"lazy\" decoding=\"async\" class=\"alignleft size-full wp-image-18218\" src=\"https:\/\/www.bibliotecadeseguranca.com.br\/fr\/wp-content\/uploads\/2022\/06\/securite-et-surete-guide-pratique-et-juridique.jpg\" alt=\"S\u00e9curit\u00e9 et s\u00fbret\u00e9 : guide pratique et juridique\" width=\"145\" height=\"205\" srcset=\"https:\/\/www.bibliotecadeseguranca.com.br\/fr\/wp-content\/uploads\/2022\/06\/securite-et-surete-guide-pratique-et-juridique.jpg 145w, https:\/\/www.bibliotecadeseguranca.com.br\/fr\/wp-content\/uploads\/2022\/06\/securite-et-surete-guide-pratique-et-juridique-106x150.jpg 106w\" sizes=\"auto, (max-width: 145px) 100vw, 145px\" \/>Olivier Hassid<\/strong><\/span><\/p>\n<p><span style=\"color: #003366;\"><strong>Maison d&#8217;\u00e9dition Legitech<\/strong><\/span><\/p>\n<p><span style=\"color: #003366;\"><strong>R\u00e9sum\u00e9:<\/strong><\/span> R\u00e9sum\u00e9 Aujourd&#8217;hui, la s\u00e9curit\u00e9 et la s\u00fbret\u00e9 connaissent un essor important dans les entreprises et dans les organisations en g\u00e9n\u00e9ral. Les directions s\u00e9curit\u00e9 et s\u00fbret\u00e9 ou les directions de la s\u00e9curit\u00e9 des syst\u00e8mes d&#8217;information ont la lourde t\u00e2che d&#8217;assurer, \u00e0 la fois, la s\u00e9curit\u00e9 des personnes et notamment des collaborateurs en d\u00e9placement, et, \u00e0 la fois, de prot\u00e9ger les biens pour se pr\u00e9munir contre le vol, prot\u00e9ger le patrimoine informationnel de l&#8217;entreprise ou se pr\u00e9munir contre les cyberattaques. La vari\u00e9t\u00e9 des menaces suppose une palette de mesures qui peut aller aussi bien de moyens technologiques comme l&#8217;usage de la biom\u00e9trie, le recours \u00e0 des agents de s\u00e9curit\u00e9 ou encore la v\u00e9rification de l&#8217;int\u00e9grit\u00e9 des candidats au moment du recrutement. Bien que la palette de ces mesures peut \u00eatre plurielle, il est n\u00e9cessaire de bien comprendre ce qu&#8217;il est possible l\u00e9galement ou non de faire. Il ressort de l&#8217;exp\u00e9rience des auteurs que de nombreuses entreprises se mettent hors-la-loi et sont \u00ab non conformes \u00bb car elles ma\u00eetrisent imparfaitement le droit. Que peut-on faire en mati\u00e8re de surveillance, de contr\u00f4le et de v\u00e9rification ? Comment se pr\u00e9munir des menaces sans d\u00e9raper et se mettre en danger ? Les auteurs r\u00e9pondent \u00e0 ces questions en rappelant les mesures l\u00e9gales \u00e0 mettre en place et en se basant sur des cas concrets. Un tour de force qui int\u00e9ressera aussi bien les dirigeants d&#8217;entreprise de plus en plus sensibles aux risques de s\u00e9curit\u00e9 et de s\u00fbret\u00e9 que les professionnels du domaine, les directions juridiques mais aussi un large public de plus en plus pr\u00e9occup\u00e9 par l&#8217;\u00e9quilibre pr\u00e9caire entre s\u00e9curit\u00e9 et droit. Olivier Hassid est Directeur S\u00e9curit\u00e9 chez PwC Paris.<\/p>\n","protected":false},"excerpt":{"rendered":"<p>Olivier Hassid Maison d&#8217;\u00e9dition Legitech R\u00e9sum\u00e9: R\u00e9sum\u00e9 Aujourd&#8217;hui, la s\u00e9curit\u00e9 et la s\u00fbret\u00e9 connaissent un essor important dans les entreprises et dans les organisations en g\u00e9n\u00e9ral. Les directions s\u00e9curit\u00e9 et s\u00fbret\u00e9 ou les directions de la s\u00e9curit\u00e9 des syst\u00e8mes d&#8217;information ont la lourde t\u00e2che d&#8217;assurer, \u00e0 la fois, la s\u00e9curit\u00e9 des personnes et notamment des collaborateurs en d\u00e9placement, et, \u00e0 la fois, de prot\u00e9ger les biens pour se pr\u00e9munir contre&hellip; <\/p>\n","protected":false},"author":3,"featured_media":18218,"comment_status":"open","ping_status":"closed","sticky":false,"template":"","format":"standard","meta":{"footnotes":""},"categories":[109,23,6],"tags":[],"class_list":["post-18217","post","type-post","status-publish","format-standard","has-post-thumbnail","hentry","category-francais","category-gestao-da-seguranca-empresarial","category-livros"],"views":374,"_links":{"self":[{"href":"https:\/\/www.bibliotecadeseguranca.com.br\/fr\/wp-json\/wp\/v2\/posts\/18217","targetHints":{"allow":["GET"]}}],"collection":[{"href":"https:\/\/www.bibliotecadeseguranca.com.br\/fr\/wp-json\/wp\/v2\/posts"}],"about":[{"href":"https:\/\/www.bibliotecadeseguranca.com.br\/fr\/wp-json\/wp\/v2\/types\/post"}],"author":[{"embeddable":true,"href":"https:\/\/www.bibliotecadeseguranca.com.br\/fr\/wp-json\/wp\/v2\/users\/3"}],"replies":[{"embeddable":true,"href":"https:\/\/www.bibliotecadeseguranca.com.br\/fr\/wp-json\/wp\/v2\/comments?post=18217"}],"version-history":[{"count":1,"href":"https:\/\/www.bibliotecadeseguranca.com.br\/fr\/wp-json\/wp\/v2\/posts\/18217\/revisions"}],"predecessor-version":[{"id":18219,"href":"https:\/\/www.bibliotecadeseguranca.com.br\/fr\/wp-json\/wp\/v2\/posts\/18217\/revisions\/18219"}],"wp:featuredmedia":[{"embeddable":true,"href":"https:\/\/www.bibliotecadeseguranca.com.br\/fr\/wp-json\/wp\/v2\/media\/18218"}],"wp:attachment":[{"href":"https:\/\/www.bibliotecadeseguranca.com.br\/fr\/wp-json\/wp\/v2\/media?parent=18217"}],"wp:term":[{"taxonomy":"category","embeddable":true,"href":"https:\/\/www.bibliotecadeseguranca.com.br\/fr\/wp-json\/wp\/v2\/categories?post=18217"},{"taxonomy":"post_tag","embeddable":true,"href":"https:\/\/www.bibliotecadeseguranca.com.br\/fr\/wp-json\/wp\/v2\/tags?post=18217"}],"curies":[{"name":"wp","href":"https:\/\/api.w.org\/{rel}","templated":true}]}}