{"id":18195,"date":"2022-06-07T14:00:29","date_gmt":"2022-06-07T17:00:29","guid":{"rendered":"https:\/\/www.bibliotecadeseguranca.com.br\/fr\/?p=18195"},"modified":"2022-06-07T12:50:16","modified_gmt":"2022-06-07T15:50:16","slug":"nossos-municipios-mais-seguros","status":"publish","type":"post","link":"https:\/\/www.bibliotecadeseguranca.com.br\/fr\/livros\/nossos-municipios-mais-seguros\/","title":{"rendered":"Nossos Munic\u00edpios mais Seguros"},"content":{"rendered":"<p><span style=\"color: #003366;\"><strong><img loading=\"lazy\" decoding=\"async\" class=\"alignleft size-full wp-image-18196\" src=\"https:\/\/www.bibliotecadeseguranca.com.br\/fr\/wp-content\/uploads\/2022\/06\/nossos-municipios-mais-seguros.jpg\" alt=\"Nossos Munic\u00edpios mais Seguros\" width=\"145\" height=\"205\" srcset=\"https:\/\/www.bibliotecadeseguranca.com.br\/fr\/wp-content\/uploads\/2022\/06\/nossos-municipios-mais-seguros.jpg 145w, https:\/\/www.bibliotecadeseguranca.com.br\/fr\/wp-content\/uploads\/2022\/06\/nossos-municipios-mais-seguros-106x150.jpg 106w\" sizes=\"auto, (max-width: 145px) 100vw, 145px\" \/>Cel. PM Roberson Luiz Bondaruk<\/strong><\/span><\/p>\n<p><span style=\"color: #003366;\"><strong>CREA-PR<\/strong><\/span><\/p>\n<p><span style=\"color: #003366;\"><strong>R\u00e9sum\u00e9:<\/strong><\/span> Resultado das discuss\u00f5es da Agenda Parlamentar, programa de contribui\u00e7\u00e3o t\u00e9cnica \u00e0s gest\u00f5es municipais realizado pelo CREA-PR \u2013 Conselho Regional de Engenharia, Arquitetura, Agronomia em parceria com entidades de classe nos munic\u00edpios, a presente publica\u00e7\u00e3o t\u00eam o objetivo de orientar e auxiliar os gestores na implementa\u00e7\u00e3o das propostas apresentadas como priorit\u00e1rias para a melhoria da qualidade de vida dos paranaenses. Foram mais de 250 propostas compiladas em tr\u00eas grandes \u00e1reas: Cidade, Cidadania e Sustentabilidade.<br \/>\nOs temas foram detalhados por especialistas e s\u00e3o apresentados de forma a subsidiar projetos e propostas de pol\u00edticas p\u00fablicas para os munic\u00edpios. Os conte\u00fados s\u00e3o apresentados em formato de cartilha, totalizando 25 publica\u00e7\u00f5es, com os seguintes temas: Acessibilidade; Agenda 21; Arboriza\u00e7\u00e3o Urbana; Cercas Eletrificadas; Conserva\u00e7\u00e3o de solos e \u00e1gua; Constru\u00e7\u00e3o \u00e9 Coisa S\u00e9ria; Ilumina\u00e7\u00e3o P\u00fablica; Inspe\u00e7\u00e3o e Manuten\u00e7\u00e3o Predial; Instala\u00e7\u00f5es Provis\u00f3rias; Licenciamentos Ambientais; Licenciamentos Ambientais 2; Licita\u00e7\u00f5es e Obras P\u00fablicas; Lodos e Bioss\u00f3lidos; Nossos Munic\u00edpios mais Seguros; Obten\u00e7\u00e3o de Recursos; Planos Diretores; Preven\u00e7\u00e3o de Cat\u00e1strofes; Produtos Org\u00e2nicos; Programas e Servi\u00e7os do CREA-PR; Propostas da Agenda Parlamentar; Res\u00edduos S\u00f3lidos; Responsabilidade T\u00e9cnica; Saneamento Ambiental; Tr\u00e2nsito; Uso e Re\u00faso de \u00c1gua.<br \/>\nNa presente publica\u00e7\u00e3o o tema abordado \u00e9 a seguran\u00e7a dos munic\u00edpios. O objetivo \u00e9 mostrar que embora os munic\u00edpios n\u00e3o tem atribui\u00e7\u00e3o espec\u00edfica para atuarem na seguran\u00e7a p\u00fablica eles possuem import\u00e2ncia fundamental para prov\u00ea-la.<br \/>\nAl\u00e9m dos conte\u00fados apresentados nas publica\u00e7\u00f5es o CREA-PR, as Entidades de Classe das \u00e1reas da Engenharia, Arquitetura e Agronomia e os profissionais ligados a estas \u00e1reas est\u00e3o \u00e0 disposi\u00e7\u00e3o dos gestores no aux\u00edlio e assessoramento t\u00e9cnico que se fizerem necess\u00e1rios para a busca da aplica\u00e7\u00e3o deste trabalho t\u00e9cnico na pr\u00e1tica, a exemplo do que j\u00e1 vem acontecendo com muitas das propostas apresentadas e que j\u00e1 sa\u00edram do papel. Da mesma forma, o programa Agenda Parlamentar n\u00e3o se encerra com estas publica\u00e7\u00f5es, mas ganha nova for\u00e7a e expans\u00e3o do trabalho com a apresenta\u00e7\u00e3o t\u00e9cnica e fundamentada dos assuntos.<\/p>\n<p><a href=\"https:\/\/www.bibliotecadeseguranca.com.br\/wp-content\/uploads\/2022\/06\/nossos-municipios-mais-seguros.pdf\" target=\"_blank\" rel=\"noopener\"><img loading=\"lazy\" decoding=\"async\" class=\"alignleft wp-image-12143 size-full\" src=\"https:\/\/www.bibliotecadeseguranca.com.br\/fr\/wp-content\/uploads\/2015\/03\/download_fr.gif\" alt=\"T\u00e9l\u00e9charger\" width=\"107\" height=\"25\" \/><\/a><\/p>\n","protected":false},"excerpt":{"rendered":"<p>Cel. PM Roberson Luiz Bondaruk CREA-PR R\u00e9sum\u00e9: Resultado das discuss\u00f5es da Agenda Parlamentar, programa de contribui\u00e7\u00e3o t\u00e9cnica \u00e0s gest\u00f5es municipais realizado pelo CREA-PR \u2013 Conselho Regional de Engenharia, Arquitetura, Agronomia em parceria com entidades de classe nos munic\u00edpios, a presente publica\u00e7\u00e3o t\u00eam o objetivo de orientar e auxiliar os gestores na implementa\u00e7\u00e3o das propostas apresentadas como priorit\u00e1rias para a melhoria da qualidade de vida dos paranaenses. Foram mais de 250&hellip; <\/p>\n","protected":false},"author":3,"featured_media":18196,"comment_status":"open","ping_status":"closed","sticky":false,"template":"","format":"standard","meta":{"footnotes":""},"categories":[6,25,112],"tags":[],"class_list":["post-18195","post","type-post","status-publish","format-standard","has-post-thumbnail","hentry","category-livros","category-seguranca-publica-e-defesa","category-download"],"views":263,"_links":{"self":[{"href":"https:\/\/www.bibliotecadeseguranca.com.br\/fr\/wp-json\/wp\/v2\/posts\/18195","targetHints":{"allow":["GET"]}}],"collection":[{"href":"https:\/\/www.bibliotecadeseguranca.com.br\/fr\/wp-json\/wp\/v2\/posts"}],"about":[{"href":"https:\/\/www.bibliotecadeseguranca.com.br\/fr\/wp-json\/wp\/v2\/types\/post"}],"author":[{"embeddable":true,"href":"https:\/\/www.bibliotecadeseguranca.com.br\/fr\/wp-json\/wp\/v2\/users\/3"}],"replies":[{"embeddable":true,"href":"https:\/\/www.bibliotecadeseguranca.com.br\/fr\/wp-json\/wp\/v2\/comments?post=18195"}],"version-history":[{"count":1,"href":"https:\/\/www.bibliotecadeseguranca.com.br\/fr\/wp-json\/wp\/v2\/posts\/18195\/revisions"}],"predecessor-version":[{"id":18197,"href":"https:\/\/www.bibliotecadeseguranca.com.br\/fr\/wp-json\/wp\/v2\/posts\/18195\/revisions\/18197"}],"wp:featuredmedia":[{"embeddable":true,"href":"https:\/\/www.bibliotecadeseguranca.com.br\/fr\/wp-json\/wp\/v2\/media\/18196"}],"wp:attachment":[{"href":"https:\/\/www.bibliotecadeseguranca.com.br\/fr\/wp-json\/wp\/v2\/media?parent=18195"}],"wp:term":[{"taxonomy":"category","embeddable":true,"href":"https:\/\/www.bibliotecadeseguranca.com.br\/fr\/wp-json\/wp\/v2\/categories?post=18195"},{"taxonomy":"post_tag","embeddable":true,"href":"https:\/\/www.bibliotecadeseguranca.com.br\/fr\/wp-json\/wp\/v2\/tags?post=18195"}],"curies":[{"name":"wp","href":"https:\/\/api.w.org\/{rel}","templated":true}]}}