{"id":18182,"date":"2022-06-02T14:00:00","date_gmt":"2022-06-02T17:00:00","guid":{"rendered":"https:\/\/www.bibliotecadeseguranca.com.br\/fr\/?p=18182"},"modified":"2022-06-02T13:09:28","modified_gmt":"2022-06-02T16:09:28","slug":"management-de-la-securite-de-linformation-et-iso-27001","status":"publish","type":"post","link":"https:\/\/www.bibliotecadeseguranca.com.br\/fr\/livros\/management-de-la-securite-de-linformation-et-iso-27001\/","title":{"rendered":"Management de la s\u00e9curit\u00e9 de l&#8217;information et ISO 27001"},"content":{"rendered":"<p><span style=\"color: #003366;\"><strong><img loading=\"lazy\" decoding=\"async\" class=\"alignleft size-full wp-image-18183\" src=\"https:\/\/www.bibliotecadeseguranca.com.br\/fr\/wp-content\/uploads\/2022\/06\/management-de-la-securite-de-linformation-et-iso-27001.jpg\" alt=\"Management de la s\u00e9curit\u00e9 de l'information et ISO 27001\" width=\"145\" height=\"176\" srcset=\"https:\/\/www.bibliotecadeseguranca.com.br\/fr\/wp-content\/uploads\/2022\/06\/management-de-la-securite-de-linformation-et-iso-27001.jpg 145w, https:\/\/www.bibliotecadeseguranca.com.br\/fr\/wp-content\/uploads\/2022\/06\/management-de-la-securite-de-linformation-et-iso-27001-124x150.jpg 124w\" sizes=\"auto, (max-width: 145px) 100vw, 145px\" \/>Nad\u00e8ge Lesage, Jean-Pierre Lacombe<\/strong><\/span><\/p>\n<p><span style=\"color: #003366;\"><strong>Maison d&#8217;\u00e9dition Editions ENI<\/strong><\/span><\/p>\n<p><span style=\"color: #003366;\"><strong>R\u00e9sum\u00e9:<\/strong><\/span> Cet ouvrage traite de la gouvernance de la s\u00e9curit\u00e9 de l\u2019information tant dans ses principes fondamentaux que dans sa mise en \u0153uvre au quotidien selon la norme ISO 27001. Il s\u2019adresse \u00e0 tous les publics, n\u00e9ophytes, confirm\u00e9s ou experts, qu\u2019ils soient d\u00e9sireux d\u2019appr\u00e9hender le sujet \u00e0 travers ses composantes strat\u00e9gique, tactique et op\u00e9rationnelle ou de b\u00e9n\u00e9ficier de retours d\u2019exp\u00e9rience.<br \/>\nR\u00e9dig\u00e9 par des formateurs experts du domaine, impliqu\u00e9s au quotidien dans la mise en \u0153uvre et l\u2019audit des syst\u00e8mes de gouvernance, cet ouvrage, structur\u00e9 selon une logique tr\u00e8s progressive, conjugue \u00e0 la fois une approche th\u00e9orique et pragmatique indispensable \u00e0 tout acteur de la gouvernance et de la s\u00e9curit\u00e9 de l\u2019information.<br \/>\nAinsi, depuis la pr\u00e9sentation des concepts jusqu\u2019aux conseils de mise en \u0153uvre, le lecteur d\u00e9couvre les diff\u00e9rents \u00e9l\u00e9ments d\u2019un syst\u00e8me de gouvernance de la s\u00e9curit\u00e9 au travers d\u2019\u00e9tudes approfondies de chaque \u00e9tape. La norme de gouvernance, les politiques de s\u00e9curit\u00e9, l\u2019analyse et la gestion des risques, la planification ou encore la surveillance et l\u2019\u00e9valuation sont ainsi d\u00e9taill\u00e9es et enrichies de conseils et d\u2019\u00e9tudes de cas.<\/p>\n","protected":false},"excerpt":{"rendered":"<p>Nad\u00e8ge Lesage, Jean-Pierre Lacombe Maison d&#8217;\u00e9dition Editions ENI R\u00e9sum\u00e9: Cet ouvrage traite de la gouvernance de la s\u00e9curit\u00e9 de l\u2019information tant dans ses principes fondamentaux que dans sa mise en \u0153uvre au quotidien selon la norme ISO 27001. Il s\u2019adresse \u00e0 tous les publics, n\u00e9ophytes, confirm\u00e9s ou experts, qu\u2019ils soient d\u00e9sireux d\u2019appr\u00e9hender le sujet \u00e0 travers ses composantes strat\u00e9gique, tactique et op\u00e9rationnelle ou de b\u00e9n\u00e9ficier de retours d\u2019exp\u00e9rience. R\u00e9dig\u00e9 par&hellip; <\/p>\n","protected":false},"author":3,"featured_media":18183,"comment_status":"open","ping_status":"closed","sticky":false,"template":"","format":"standard","meta":{"footnotes":""},"categories":[109,6,20],"tags":[],"class_list":["post-18182","post","type-post","status-publish","format-standard","has-post-thumbnail","hentry","category-francais","category-livros","category-seguranca-da-informacao"],"views":272,"_links":{"self":[{"href":"https:\/\/www.bibliotecadeseguranca.com.br\/fr\/wp-json\/wp\/v2\/posts\/18182","targetHints":{"allow":["GET"]}}],"collection":[{"href":"https:\/\/www.bibliotecadeseguranca.com.br\/fr\/wp-json\/wp\/v2\/posts"}],"about":[{"href":"https:\/\/www.bibliotecadeseguranca.com.br\/fr\/wp-json\/wp\/v2\/types\/post"}],"author":[{"embeddable":true,"href":"https:\/\/www.bibliotecadeseguranca.com.br\/fr\/wp-json\/wp\/v2\/users\/3"}],"replies":[{"embeddable":true,"href":"https:\/\/www.bibliotecadeseguranca.com.br\/fr\/wp-json\/wp\/v2\/comments?post=18182"}],"version-history":[{"count":1,"href":"https:\/\/www.bibliotecadeseguranca.com.br\/fr\/wp-json\/wp\/v2\/posts\/18182\/revisions"}],"predecessor-version":[{"id":18184,"href":"https:\/\/www.bibliotecadeseguranca.com.br\/fr\/wp-json\/wp\/v2\/posts\/18182\/revisions\/18184"}],"wp:featuredmedia":[{"embeddable":true,"href":"https:\/\/www.bibliotecadeseguranca.com.br\/fr\/wp-json\/wp\/v2\/media\/18183"}],"wp:attachment":[{"href":"https:\/\/www.bibliotecadeseguranca.com.br\/fr\/wp-json\/wp\/v2\/media?parent=18182"}],"wp:term":[{"taxonomy":"category","embeddable":true,"href":"https:\/\/www.bibliotecadeseguranca.com.br\/fr\/wp-json\/wp\/v2\/categories?post=18182"},{"taxonomy":"post_tag","embeddable":true,"href":"https:\/\/www.bibliotecadeseguranca.com.br\/fr\/wp-json\/wp\/v2\/tags?post=18182"}],"curies":[{"name":"wp","href":"https:\/\/api.w.org\/{rel}","templated":true}]}}