{"id":18154,"date":"2022-05-20T14:00:03","date_gmt":"2022-05-20T17:00:03","guid":{"rendered":"https:\/\/www.bibliotecadeseguranca.com.br\/fr\/?p=18154"},"modified":"2022-05-20T13:07:37","modified_gmt":"2022-05-20T16:07:37","slug":"linsecurite-permanente-les-causes-de-limpuissance-francaise","status":"publish","type":"post","link":"https:\/\/www.bibliotecadeseguranca.com.br\/fr\/livros\/linsecurite-permanente-les-causes-de-limpuissance-francaise\/","title":{"rendered":"L&#8217;ins\u00e9curit\u00e9 permanente &#8211; les causes de l&#8217;impuissance fran\u00e7aise"},"content":{"rendered":"<p><span style=\"color: #003366;\"><strong><img loading=\"lazy\" decoding=\"async\" class=\"alignleft size-full wp-image-18155\" src=\"https:\/\/www.bibliotecadeseguranca.com.br\/fr\/wp-content\/uploads\/2022\/05\/linsecurite-permanente-les-causes-de-limpuissance-francaise.jpg\" alt=\"L'ins\u00e9curit\u00e9 permanente - les causes de l'impuissance fran\u00e7aise\" width=\"145\" height=\"225\" srcset=\"https:\/\/www.bibliotecadeseguranca.com.br\/fr\/wp-content\/uploads\/2022\/05\/linsecurite-permanente-les-causes-de-limpuissance-francaise.jpg 145w, https:\/\/www.bibliotecadeseguranca.com.br\/fr\/wp-content\/uploads\/2022\/05\/linsecurite-permanente-les-causes-de-limpuissance-francaise-97x150.jpg 97w\" sizes=\"auto, (max-width: 145px) 100vw, 145px\" \/>Eric Delbecque<\/strong><\/span><\/p>\n<p><span style=\"color: #003366;\"><strong>Maison d&#8217;\u00e9dition Cerf<\/strong><\/span><\/p>\n<p><span style=\"color: #003366;\"><strong>R\u00e9sum\u00e9:<\/strong><\/span> Manque de moyens, exc\u00e8s d&#8217;id\u00e9ologie, errance des politiques : le verdict est brutal. R\u00e9sultat, aujourd&#8217;hui, les Fran\u00e7ais ne sont pas en s\u00e9curit\u00e9 sur le territoire de la R\u00e9publique. Entre le d\u00e9ni face \u00e0 l&#8217;ins\u00e9curit\u00e9 permanente, grandissante, et le refus d&#8217;une adaptation pragmatique, la tenaille se resserre.<br \/>\nParce que nous payons au prix fort la l\u00e2chet\u00e9 de nos \u00e9lites, nous devons vivre avec la peur, supporter les incivilit\u00e9s quotidiennes, les agressions de la petite d\u00e9linquance, les r\u00e8glements de comptes entre dealers et la menace des attentats islamistes.<br \/>\nIl est grand temps d&#8217;examiner pourquoi, parmi les dirigeants politiques, les hauts fonctionnaires, les universitaires, les journalistes, certains entretiennent et verrouillent une lecture du monde aussi fallacieuse qu&#8217;incons\u00e9quente qui met en danger la population. Et de proposer des solutions efficaces.<br \/>\nC&#8217;est ce que fait, dans ce livre, en sp\u00e9cialiste reconnu des questions de s\u00e9curit\u00e9 \u00e0 la fois en th\u00e9orie et en pratique, \u00c9ric Delbecque.<br \/>\nLa chronique et le tableau vrais de la France qui souffre de la violence. Le programme d&#8217;une r\u00e9forme urgente.<\/p>\n","protected":false},"excerpt":{"rendered":"<p>Eric Delbecque Maison d&#8217;\u00e9dition Cerf R\u00e9sum\u00e9: Manque de moyens, exc\u00e8s d&#8217;id\u00e9ologie, errance des politiques : le verdict est brutal. R\u00e9sultat, aujourd&#8217;hui, les Fran\u00e7ais ne sont pas en s\u00e9curit\u00e9 sur le territoire de la R\u00e9publique. Entre le d\u00e9ni face \u00e0 l&#8217;ins\u00e9curit\u00e9 permanente, grandissante, et le refus d&#8217;une adaptation pragmatique, la tenaille se resserre. Parce que nous payons au prix fort la l\u00e2chet\u00e9 de nos \u00e9lites, nous devons vivre avec la peur,&hellip; <\/p>\n","protected":false},"author":3,"featured_media":18155,"comment_status":"open","ping_status":"closed","sticky":false,"template":"","format":"standard","meta":{"footnotes":""},"categories":[109,6,25],"tags":[],"class_list":["post-18154","post","type-post","status-publish","format-standard","has-post-thumbnail","hentry","category-francais","category-livros","category-seguranca-publica-e-defesa"],"views":248,"_links":{"self":[{"href":"https:\/\/www.bibliotecadeseguranca.com.br\/fr\/wp-json\/wp\/v2\/posts\/18154","targetHints":{"allow":["GET"]}}],"collection":[{"href":"https:\/\/www.bibliotecadeseguranca.com.br\/fr\/wp-json\/wp\/v2\/posts"}],"about":[{"href":"https:\/\/www.bibliotecadeseguranca.com.br\/fr\/wp-json\/wp\/v2\/types\/post"}],"author":[{"embeddable":true,"href":"https:\/\/www.bibliotecadeseguranca.com.br\/fr\/wp-json\/wp\/v2\/users\/3"}],"replies":[{"embeddable":true,"href":"https:\/\/www.bibliotecadeseguranca.com.br\/fr\/wp-json\/wp\/v2\/comments?post=18154"}],"version-history":[{"count":1,"href":"https:\/\/www.bibliotecadeseguranca.com.br\/fr\/wp-json\/wp\/v2\/posts\/18154\/revisions"}],"predecessor-version":[{"id":18156,"href":"https:\/\/www.bibliotecadeseguranca.com.br\/fr\/wp-json\/wp\/v2\/posts\/18154\/revisions\/18156"}],"wp:featuredmedia":[{"embeddable":true,"href":"https:\/\/www.bibliotecadeseguranca.com.br\/fr\/wp-json\/wp\/v2\/media\/18155"}],"wp:attachment":[{"href":"https:\/\/www.bibliotecadeseguranca.com.br\/fr\/wp-json\/wp\/v2\/media?parent=18154"}],"wp:term":[{"taxonomy":"category","embeddable":true,"href":"https:\/\/www.bibliotecadeseguranca.com.br\/fr\/wp-json\/wp\/v2\/categories?post=18154"},{"taxonomy":"post_tag","embeddable":true,"href":"https:\/\/www.bibliotecadeseguranca.com.br\/fr\/wp-json\/wp\/v2\/tags?post=18154"}],"curies":[{"name":"wp","href":"https:\/\/api.w.org\/{rel}","templated":true}]}}