{"id":18144,"date":"2022-05-16T14:00:43","date_gmt":"2022-05-16T17:00:43","guid":{"rendered":"https:\/\/www.bibliotecadeseguranca.com.br\/fr\/?p=18144"},"modified":"2022-05-16T13:03:06","modified_gmt":"2022-05-16T16:03:06","slug":"manual-de-gestao-e-elaboracao-de-projetos-para-a-seguranca-publica-e-defesa-social","status":"publish","type":"post","link":"https:\/\/www.bibliotecadeseguranca.com.br\/fr\/livros\/manual-de-gestao-e-elaboracao-de-projetos-para-a-seguranca-publica-e-defesa-social\/","title":{"rendered":"Manual de Gest\u00e3o e Elabora\u00e7\u00e3o de Projetos para a Seguran\u00e7a P\u00fablica e Defesa Social"},"content":{"rendered":"<p><span style=\"color: #003366;\"><strong><img loading=\"lazy\" decoding=\"async\" class=\"alignleft size-full wp-image-18145\" src=\"https:\/\/www.bibliotecadeseguranca.com.br\/fr\/wp-content\/uploads\/2022\/05\/manual-de-gestao-e-elaboracao-de-projetos-para-a-seguranca-publica-e-defesa-social.jpg\" alt=\"Manual de Gest\u00e3o e Elabora\u00e7\u00e3o de Projetos para a Seguran\u00e7a P\u00fablica e Defesa Social\" width=\"145\" height=\"205\" srcset=\"https:\/\/www.bibliotecadeseguranca.com.br\/fr\/wp-content\/uploads\/2022\/05\/manual-de-gestao-e-elaboracao-de-projetos-para-a-seguranca-publica-e-defesa-social.jpg 145w, https:\/\/www.bibliotecadeseguranca.com.br\/fr\/wp-content\/uploads\/2022\/05\/manual-de-gestao-e-elaboracao-de-projetos-para-a-seguranca-publica-e-defesa-social-106x150.jpg 106w\" sizes=\"auto, (max-width: 145px) 100vw, 145px\" \/>Dalton Gean Perovano<\/strong><\/span><\/p>\n<p><span style=\"color: #003366;\"><strong>Maison d&#8217;\u00e9dition Juru\u00e1<\/strong><\/span><\/p>\n<p><span style=\"color: #003366;\"><strong>R\u00e9sum\u00e9:<\/strong><\/span> Uma das maneiras de aferir a efic\u00e1cia no governo \u00e9 pela realiza\u00e7\u00e3o do planejamento e a execu\u00e7\u00e3o do or\u00e7amento p\u00fablico, firmado no ciclo or\u00e7ament\u00e1rio, como processo din\u00e2mico e cont\u00ednuo, com o in\u00edcio no Plano Plurianual (PPA), seguidos pela Lei de Diretrizes Or\u00e7ament\u00e1rias (LDO) e a Lei Or\u00e7ament\u00e1ria Anual (LOA).<\/p>\n<p>Esta obra proporciona ao gestor os elementos necess\u00e1rios para a constru\u00e7\u00e3o de projetos p\u00fablicos voltados ao resultado de elevado impacto, e considera ainda nesse design o ambiente pol\u00edtico social\/comunit\u00e1rio e institucional. Os conhecimentos presentes na Obra permitem a aplica\u00e7\u00e3o de t\u00e9cnicas de gest\u00e3o de projetos consagradas pelos principais institutos e associa\u00e7\u00f5es de gerenciamento de projetos, com uma vis\u00e3o pr\u00e1tica, moderna e atualizada de suas t\u00e9cnicas.<\/p>\n<p>Proporciona ainda orienta\u00e7\u00f5es e recomenda\u00e7\u00f5es baseadas nas an\u00e1lises de projetos p\u00fablicos por \u00f3rg\u00e3os governamentais aut\u00f4nomos e de \u00f3rg\u00e3o de controle externo, como o Tribunal de Contas, Minist\u00e9rio P\u00fablico, Controladoria-Geral, al\u00e9m da experi\u00eancia consolidada na elabora\u00e7\u00e3o e execu\u00e7\u00e3o de projetos por \u00f3rg\u00e3os p\u00fablicos com a tradi\u00e7\u00e3o em ger\u00eancia de projetos.<\/p>\n<p>Ideal para os cursos nas \u00e1reas de gest\u00e3o para a seguran\u00e7a p\u00fablica e defesa social, gest\u00e3o p\u00fablica, cursos de gradua\u00e7\u00e3o, p\u00f3s-gradua\u00e7\u00e3o, MBA e treinamento corporativo, e levar\u00e1 o gestor a resultados replic\u00e1veis e a processos confi\u00e1veis.<\/p>\n","protected":false},"excerpt":{"rendered":"<p>Dalton Gean Perovano Maison d&#8217;\u00e9dition Juru\u00e1 R\u00e9sum\u00e9: Uma das maneiras de aferir a efic\u00e1cia no governo \u00e9 pela realiza\u00e7\u00e3o do planejamento e a execu\u00e7\u00e3o do or\u00e7amento p\u00fablico, firmado no ciclo or\u00e7ament\u00e1rio, como processo din\u00e2mico e cont\u00ednuo, com o in\u00edcio no Plano Plurianual (PPA), seguidos pela Lei de Diretrizes Or\u00e7ament\u00e1rias (LDO) e a Lei Or\u00e7ament\u00e1ria Anual (LOA). Esta obra proporciona ao gestor os elementos necess\u00e1rios para a constru\u00e7\u00e3o de projetos p\u00fablicos&hellip; <\/p>\n","protected":false},"author":3,"featured_media":18145,"comment_status":"open","ping_status":"closed","sticky":false,"template":"","format":"standard","meta":{"footnotes":""},"categories":[6,25],"tags":[],"class_list":["post-18144","post","type-post","status-publish","format-standard","has-post-thumbnail","hentry","category-livros","category-seguranca-publica-e-defesa"],"views":242,"_links":{"self":[{"href":"https:\/\/www.bibliotecadeseguranca.com.br\/fr\/wp-json\/wp\/v2\/posts\/18144","targetHints":{"allow":["GET"]}}],"collection":[{"href":"https:\/\/www.bibliotecadeseguranca.com.br\/fr\/wp-json\/wp\/v2\/posts"}],"about":[{"href":"https:\/\/www.bibliotecadeseguranca.com.br\/fr\/wp-json\/wp\/v2\/types\/post"}],"author":[{"embeddable":true,"href":"https:\/\/www.bibliotecadeseguranca.com.br\/fr\/wp-json\/wp\/v2\/users\/3"}],"replies":[{"embeddable":true,"href":"https:\/\/www.bibliotecadeseguranca.com.br\/fr\/wp-json\/wp\/v2\/comments?post=18144"}],"version-history":[{"count":1,"href":"https:\/\/www.bibliotecadeseguranca.com.br\/fr\/wp-json\/wp\/v2\/posts\/18144\/revisions"}],"predecessor-version":[{"id":18146,"href":"https:\/\/www.bibliotecadeseguranca.com.br\/fr\/wp-json\/wp\/v2\/posts\/18144\/revisions\/18146"}],"wp:featuredmedia":[{"embeddable":true,"href":"https:\/\/www.bibliotecadeseguranca.com.br\/fr\/wp-json\/wp\/v2\/media\/18145"}],"wp:attachment":[{"href":"https:\/\/www.bibliotecadeseguranca.com.br\/fr\/wp-json\/wp\/v2\/media?parent=18144"}],"wp:term":[{"taxonomy":"category","embeddable":true,"href":"https:\/\/www.bibliotecadeseguranca.com.br\/fr\/wp-json\/wp\/v2\/categories?post=18144"},{"taxonomy":"post_tag","embeddable":true,"href":"https:\/\/www.bibliotecadeseguranca.com.br\/fr\/wp-json\/wp\/v2\/tags?post=18144"}],"curies":[{"name":"wp","href":"https:\/\/api.w.org\/{rel}","templated":true}]}}