{"id":18138,"date":"2022-05-13T14:00:09","date_gmt":"2022-05-13T17:00:09","guid":{"rendered":"https:\/\/www.bibliotecadeseguranca.com.br\/fr\/?p=18138"},"modified":"2022-05-13T13:07:48","modified_gmt":"2022-05-13T16:07:48","slug":"revista-fenavist-ano-xix-n-38-agosto-setembro-2021","status":"publish","type":"post","link":"https:\/\/www.bibliotecadeseguranca.com.br\/fr\/periodicos-de-seguranca\/revista-fenavist-ano-xix-n-38-agosto-setembro-2021\/","title":{"rendered":"Revista Fenavist \u2013 Ano XIX \u2013 N 38 \u2013 Agosto\/Setembro 2021"},"content":{"rendered":"<p><span style=\"color: #003366;\"><strong><img loading=\"lazy\" decoding=\"async\" class=\"alignleft size-full wp-image-18139\" src=\"https:\/\/www.bibliotecadeseguranca.com.br\/fr\/wp-content\/uploads\/2022\/05\/revista-fenavist-ano-xix-n-38-agosto-setembro-2021.jpg\" alt=\"Revista Fenavist \u2013 Ano XIX \u2013 N 38 \u2013 Agosto\/Setembro 2021\" width=\"145\" height=\"194\" srcset=\"https:\/\/www.bibliotecadeseguranca.com.br\/fr\/wp-content\/uploads\/2022\/05\/revista-fenavist-ano-xix-n-38-agosto-setembro-2021.jpg 145w, https:\/\/www.bibliotecadeseguranca.com.br\/fr\/wp-content\/uploads\/2022\/05\/revista-fenavist-ano-xix-n-38-agosto-setembro-2021-112x150.jpg 112w\" sizes=\"auto, (max-width: 145px) 100vw, 145px\" \/>R\u00e9sum\u00e9:<\/strong><\/span> LUTAR, PERSISTIR E ACREDITAR<\/p>\n<p>N\u00e3o tem sido f\u00e1cil escrever os editoriais das \u00faltimas edi\u00e7\u00f5es. Sempre que paro para pensar, a sensa\u00e7\u00e3o \u00e9 de estar vivendo um d\u00e9j\u00e1 vu eterno, que estamos andando em c\u00edrculo.<br \/>\nA pandemia de Covid-19 caminha para completar dois anos. \u00c9 bem verdade que a vacina\u00e7\u00e3o em massa nos tem dado uma esperan\u00e7a de mudan\u00e7a, um frescor. Mas, infelizmente, sabemos que a retomada das atividades econ\u00f4micas n\u00e3o se dar\u00e1 na mesma velocidade da queda ocorrida a partir de mar\u00e7o do ano passado.<br \/>\nMedidas que poderiam impulsionar uma retomada mais r\u00e1pida seguem paradas ou tramitando de forma equivocada no Congresso Nacional. Exemplo claro \u00e9 a Reforma Tribut\u00e1ria. A primeira parte aprovada recentemente na C\u00e2mara dos Deputados, chamada de Reforma do Imposto de Renda, focou em diminuir os tributos pagos pelas pessoas f\u00edsicas e empresas. Mas \u00e9 preciso tomar cuidado. Altera\u00e7\u00f5es como a cobran\u00e7a de uma taxa 15% sobre lucros e dividendos pode onerar o empresariado.<br \/>\nQuanto \u00e0 outra parte, mais substancial das mudan\u00e7as tribut\u00e1rias, essa continua envolta em discuss\u00f5es, sem que se exista uma a\u00e7\u00e3o efetiva para atacar o grande problema do setor de servi\u00e7os, que inclui a seguran\u00e7a privada: a desonera\u00e7\u00e3o da folha de pagamento. Qualquer coisa diferente de uma redu\u00e7\u00e3o consistente nesse quesito n\u00e3o dever\u00e1 trazer nenhum f\u00f4lego, nenhuma possibilidade de incentivo \u00e0 gera\u00e7\u00e3o de empregos, de crescimento econ\u00f4mico.<br \/>\nTemos tamb\u00e9m a quest\u00e3o do Estatuto da Seguran\u00e7a Privada. A proposta foi enviada ao Senado Federal no final de 2016, ap\u00f3s ser aprovada na C\u00e2mara dos Deputados, mas n\u00e3o saiu do lugar at\u00e9 agora.<br \/>\nTemos total consci\u00eancia de que nos \u00faltimos 16, 17 meses, o Parlamento se debru\u00e7ou e trabalhou duro para aprovar medidas de aux\u00edlio ao combate \u00e0 pandemia. Mas \u00e9 preciso enxergar o todo. Aprovar o Estatuto da Seguran\u00e7a Privada e a desonera\u00e7\u00e3o da folha de pagamento tamb\u00e9m \u00e9 essencial. Essas mudan\u00e7as permitir\u00e3o a gera\u00e7\u00e3o de empregos, a retomada do investimento e a melhoria do cen\u00e1rio econ\u00f4mico.<br \/>\nEnquanto essas mudan\u00e7as n\u00e3o saem do lugar, o segmento de seguran\u00e7a privada continua a sofrer, a funcionar no limite. Dados do Anu\u00e1rio Brasileiro de Seguran\u00e7a P\u00fablica mostram que, desde o in\u00edcio da pandemia, o que j\u00e1 era dif\u00edcil ficou pior. Tanto o ano de 2020 quanto o in\u00edcio de 2021 mostram uma forte queda no n\u00famero de trabalhadores, empresas e faturamento.<br \/>\nA Fenavist, sindicatos e associa\u00e7\u00f5es t\u00eam buscado formas de minimizar a situa\u00e7\u00e3o. O trabalho constante junto com o Congresso Nacional e os poderes Executivo e Judici\u00e1rio n\u00e3o para. Mas \u00e9 preciso tamb\u00e9m que cada empres\u00e1rio brasileiro busque os parlamentares do seu estado e ajude no trabalho de convencimento.<br \/>\nEm parceria com o Instituto Nacional de Seguran\u00e7a Privada (Inasep), a Federa\u00e7\u00e3o tamb\u00e9m ampliou o leque de produtos e servi\u00e7os oferecidos aos sindicatos e \u00e0s empresas, solu\u00e7\u00f5es que podem auxiliar bastante na redu\u00e7\u00e3o dos custos administrativos.<br \/>\nTodas essas a\u00e7\u00f5es fazem do nosso lema de Lutar, Persistir e Acreditar.<\/p>\n<p>Um forte abra\u00e7o a todos.<\/p>\n<p>Jeferson Naz\u00e1rio<br \/>\nPresidente da Fenavist<\/p>\n<p><a href=\"https:\/\/www.bibliotecadeseguranca.com.br\/wp-content\/uploads\/2022\/05\/revista-fenavist-ano-xix-n-38-agosto-setembro-2021.pdf\" target=\"_blank\" rel=\"noopener\"><img loading=\"lazy\" decoding=\"async\" class=\"alignleft wp-image-12143 size-full\" src=\"https:\/\/www.bibliotecadeseguranca.com.br\/fr\/wp-content\/uploads\/2015\/03\/download_fr.gif\" alt=\"T\u00e9l\u00e9charger\" width=\"107\" height=\"25\" \/><\/a><\/p>\n","protected":false},"excerpt":{"rendered":"<p>R\u00e9sum\u00e9: LUTAR, PERSISTIR E ACREDITAR N\u00e3o tem sido f\u00e1cil escrever os editoriais das \u00faltimas edi\u00e7\u00f5es. Sempre que paro para pensar, a sensa\u00e7\u00e3o \u00e9 de estar vivendo um d\u00e9j\u00e1 vu eterno, que estamos andando em c\u00edrculo. A pandemia de Covid-19 caminha para completar dois anos. \u00c9 bem verdade que a vacina\u00e7\u00e3o em massa nos tem dado uma esperan\u00e7a de mudan\u00e7a, um frescor. Mas, infelizmente, sabemos que a retomada das atividades econ\u00f4micas&hellip; <\/p>\n","protected":false},"author":3,"featured_media":18139,"comment_status":"open","ping_status":"closed","sticky":false,"template":"","format":"standard","meta":{"footnotes":""},"categories":[124,71],"tags":[],"class_list":["post-18138","post","type-post","status-publish","format-standard","has-post-thumbnail","hentry","category-revista-fenavist","category-periodicos-de-seguranca"],"views":384,"_links":{"self":[{"href":"https:\/\/www.bibliotecadeseguranca.com.br\/fr\/wp-json\/wp\/v2\/posts\/18138","targetHints":{"allow":["GET"]}}],"collection":[{"href":"https:\/\/www.bibliotecadeseguranca.com.br\/fr\/wp-json\/wp\/v2\/posts"}],"about":[{"href":"https:\/\/www.bibliotecadeseguranca.com.br\/fr\/wp-json\/wp\/v2\/types\/post"}],"author":[{"embeddable":true,"href":"https:\/\/www.bibliotecadeseguranca.com.br\/fr\/wp-json\/wp\/v2\/users\/3"}],"replies":[{"embeddable":true,"href":"https:\/\/www.bibliotecadeseguranca.com.br\/fr\/wp-json\/wp\/v2\/comments?post=18138"}],"version-history":[{"count":1,"href":"https:\/\/www.bibliotecadeseguranca.com.br\/fr\/wp-json\/wp\/v2\/posts\/18138\/revisions"}],"predecessor-version":[{"id":18140,"href":"https:\/\/www.bibliotecadeseguranca.com.br\/fr\/wp-json\/wp\/v2\/posts\/18138\/revisions\/18140"}],"wp:featuredmedia":[{"embeddable":true,"href":"https:\/\/www.bibliotecadeseguranca.com.br\/fr\/wp-json\/wp\/v2\/media\/18139"}],"wp:attachment":[{"href":"https:\/\/www.bibliotecadeseguranca.com.br\/fr\/wp-json\/wp\/v2\/media?parent=18138"}],"wp:term":[{"taxonomy":"category","embeddable":true,"href":"https:\/\/www.bibliotecadeseguranca.com.br\/fr\/wp-json\/wp\/v2\/categories?post=18138"},{"taxonomy":"post_tag","embeddable":true,"href":"https:\/\/www.bibliotecadeseguranca.com.br\/fr\/wp-json\/wp\/v2\/tags?post=18138"}],"curies":[{"name":"wp","href":"https:\/\/api.w.org\/{rel}","templated":true}]}}