{"id":18109,"date":"2022-05-02T14:00:03","date_gmt":"2022-05-02T17:00:03","guid":{"rendered":"https:\/\/www.bibliotecadeseguranca.com.br\/fr\/?p=18109"},"modified":"2022-05-02T13:14:08","modified_gmt":"2022-05-02T16:14:08","slug":"seguranca-da-informacao-gestao-e-governanca","status":"publish","type":"post","link":"https:\/\/www.bibliotecadeseguranca.com.br\/fr\/livros\/seguranca-da-informacao-gestao-e-governanca\/","title":{"rendered":"Seguran\u00e7a da Informa\u00e7\u00e3o: Gest\u00e3o e Governan\u00e7a"},"content":{"rendered":"<p><span style=\"color: #003366;\"><strong><img loading=\"lazy\" decoding=\"async\" class=\"alignleft size-full wp-image-18110\" src=\"https:\/\/www.bibliotecadeseguranca.com.br\/fr\/wp-content\/uploads\/2022\/05\/seguranca-da-informacao-gestao-e-governanca.jpg\" alt=\"Seguran\u00e7a da Informa\u00e7\u00e3o: Gest\u00e3o e Governan\u00e7a\" width=\"145\" height=\"232\" srcset=\"https:\/\/www.bibliotecadeseguranca.com.br\/fr\/wp-content\/uploads\/2022\/05\/seguranca-da-informacao-gestao-e-governanca.jpg 145w, https:\/\/www.bibliotecadeseguranca.com.br\/fr\/wp-content\/uploads\/2022\/05\/seguranca-da-informacao-gestao-e-governanca-94x150.jpg 94w\" sizes=\"auto, (max-width: 145px) 100vw, 145px\" \/>Edison Fontes<\/strong><\/span><\/p>\n<p><span style=\"color: #003366;\"><strong>R\u00e9sum\u00e9:<\/strong><\/span> Este livro apresenta como deve ser a implementa\u00e7\u00e3o da Gest\u00e3o e Governan\u00e7a da Seguran\u00e7a da Informa\u00e7\u00e3o para que a organiza\u00e7\u00e3o alcance seus objetivos corporativos, inclusive a conformidade com a Lei Geral de Prote\u00e7\u00e3o de Dados Pessoais, LGPD.<br \/>\nBaseado em regulamentos, legisla\u00e7\u00e3o, normas brasileiras e internacionais, o texto tem toda uma base te\u00f3rica, mas, considerando a experiencia do autor, Edison Fontes, este mesmo texto apresenta uma abordagem pr\u00e1tica, uma leitura simples e orienta\u00e7\u00f5es poss\u00edveis de serem implementadas em qualquer organiza\u00e7\u00e3o, inclusive Startups.<br \/>\nA Lei Geral de Prote\u00e7\u00e3o de Dados Pessoais, LGPD, nos seus artigos 46 a 50, considera a Seguran\u00e7a da Informa\u00e7\u00e3o e a sua Governan\u00e7a. Afinal, dados pessoais s\u00e3o um subconjunto das informa\u00e7\u00f5es sob responsabilidade da organiza\u00e7\u00e3o. Mas especificamente o artigo 47, a LGPD exige a obriga\u00e7\u00e3o dos agentes de tratamento de dados pessoais de garantir a seguran\u00e7a da informa\u00e7\u00e3o. Simples e direto.<br \/>\nSeguran\u00e7a da Informa\u00e7\u00e3o \u00e9 a base para a Prote\u00e7\u00e3o de Dados Pessoais.<br \/>\nComo parte pr\u00e1tica este livro disponibiliza Documentos e Estruturas de Apoio. S\u00e3o disponibilizados 07 (sete) Documentos e 15 (quinze) Estruturas de Apoio, totalizando 22 (vinte e dois) elementos validados na pr\u00e1tica. Em um dos deles, Documento Base para Avalia\u00e7\u00e3o dos Controles de Seguran\u00e7a da Informa\u00e7\u00e3o, s\u00e3o apresentados 214 (duzentos e quatorze) controles para uma avalia\u00e7\u00e3o pr\u00e1tica. Todos estes documentos e estruturas podem ser utilizados pelo leitor, desde que devidamente citados a fonte e o autor.<\/p>\n","protected":false},"excerpt":{"rendered":"<p>Edison Fontes R\u00e9sum\u00e9: Este livro apresenta como deve ser a implementa\u00e7\u00e3o da Gest\u00e3o e Governan\u00e7a da Seguran\u00e7a da Informa\u00e7\u00e3o para que a organiza\u00e7\u00e3o alcance seus objetivos corporativos, inclusive a conformidade com a Lei Geral de Prote\u00e7\u00e3o de Dados Pessoais, LGPD. Baseado em regulamentos, legisla\u00e7\u00e3o, normas brasileiras e internacionais, o texto tem toda uma base te\u00f3rica, mas, considerando a experiencia do autor, Edison Fontes, este mesmo texto apresenta uma abordagem pr\u00e1tica,&hellip; <\/p>\n","protected":false},"author":3,"featured_media":18110,"comment_status":"open","ping_status":"closed","sticky":false,"template":"","format":"standard","meta":{"footnotes":""},"categories":[6,20],"tags":[],"class_list":["post-18109","post","type-post","status-publish","format-standard","has-post-thumbnail","hentry","category-livros","category-seguranca-da-informacao"],"views":156,"_links":{"self":[{"href":"https:\/\/www.bibliotecadeseguranca.com.br\/fr\/wp-json\/wp\/v2\/posts\/18109","targetHints":{"allow":["GET"]}}],"collection":[{"href":"https:\/\/www.bibliotecadeseguranca.com.br\/fr\/wp-json\/wp\/v2\/posts"}],"about":[{"href":"https:\/\/www.bibliotecadeseguranca.com.br\/fr\/wp-json\/wp\/v2\/types\/post"}],"author":[{"embeddable":true,"href":"https:\/\/www.bibliotecadeseguranca.com.br\/fr\/wp-json\/wp\/v2\/users\/3"}],"replies":[{"embeddable":true,"href":"https:\/\/www.bibliotecadeseguranca.com.br\/fr\/wp-json\/wp\/v2\/comments?post=18109"}],"version-history":[{"count":1,"href":"https:\/\/www.bibliotecadeseguranca.com.br\/fr\/wp-json\/wp\/v2\/posts\/18109\/revisions"}],"predecessor-version":[{"id":18111,"href":"https:\/\/www.bibliotecadeseguranca.com.br\/fr\/wp-json\/wp\/v2\/posts\/18109\/revisions\/18111"}],"wp:featuredmedia":[{"embeddable":true,"href":"https:\/\/www.bibliotecadeseguranca.com.br\/fr\/wp-json\/wp\/v2\/media\/18110"}],"wp:attachment":[{"href":"https:\/\/www.bibliotecadeseguranca.com.br\/fr\/wp-json\/wp\/v2\/media?parent=18109"}],"wp:term":[{"taxonomy":"category","embeddable":true,"href":"https:\/\/www.bibliotecadeseguranca.com.br\/fr\/wp-json\/wp\/v2\/categories?post=18109"},{"taxonomy":"post_tag","embeddable":true,"href":"https:\/\/www.bibliotecadeseguranca.com.br\/fr\/wp-json\/wp\/v2\/tags?post=18109"}],"curies":[{"name":"wp","href":"https:\/\/api.w.org\/{rel}","templated":true}]}}