{"id":18099,"date":"2022-04-28T14:00:06","date_gmt":"2022-04-28T17:00:06","guid":{"rendered":"https:\/\/www.bibliotecadeseguranca.com.br\/fr\/?p=18099"},"modified":"2022-04-28T13:05:52","modified_gmt":"2022-04-28T16:05:52","slug":"guide-des-bonnes-pratiques-pour-la-surete-des-espaces-publics","status":"publish","type":"post","link":"https:\/\/www.bibliotecadeseguranca.com.br\/fr\/livros\/guide-des-bonnes-pratiques-pour-la-surete-des-espaces-publics\/","title":{"rendered":"Guide des Bonnes Pratiques pour la S\u00fbret\u00e9 des Espaces Publics"},"content":{"rendered":"<p><span style=\"color: #003366;\"><strong><img loading=\"lazy\" decoding=\"async\" class=\"alignleft size-full wp-image-18100\" src=\"https:\/\/www.bibliotecadeseguranca.com.br\/fr\/wp-content\/uploads\/2022\/04\/guide-des-bonnes-pratiques-pour-la-surete-des-espaces-publics.jpg\" alt=\"Guide des Bonnes Pratiques pour la S\u00fbret\u00e9 des Espaces Publics\" width=\"145\" height=\"205\" srcset=\"https:\/\/www.bibliotecadeseguranca.com.br\/fr\/wp-content\/uploads\/2022\/04\/guide-des-bonnes-pratiques-pour-la-surete-des-espaces-publics.jpg 145w, https:\/\/www.bibliotecadeseguranca.com.br\/fr\/wp-content\/uploads\/2022\/04\/guide-des-bonnes-pratiques-pour-la-surete-des-espaces-publics-106x150.jpg 106w\" sizes=\"auto, (max-width: 145px) 100vw, 145px\" \/>Secr\u00e9tariat g\u00e9n\u00e9ral de la d\u00e9fense et de la s\u00e9curit\u00e9 nationale<\/strong><\/span><\/p>\n<p><span style=\"color: #003366;\"><strong>R\u00e9sum\u00e9:<\/strong><\/span> Les s\u00e9ries d\u2019attentats qui se sont succ\u00e9d\u00e9 sur notre territoire depuis 2015 sont le reflet d\u2019une menace particuli\u00e8rement \u00e9lev\u00e9e en Europe. Elles sont souvent perp\u00e9tr\u00e9es au nom d\u2019id\u00e9ologies radicales, islamistes particuli\u00e8rement. Malgr\u00e9 l\u2019affaiblissement des organisations terroristes et la d\u00e9gradation importante de leurs capacit\u00e9s \u00e0 projeter des attaques sur notre sol, cette menace terroriste se maintient \u00e0 un niveau \u00e9lev\u00e9. Ainsi, en 2020 et 2021, ce ne sont pas moins de sept attaques terroristes abouties qui ont caus\u00e9 la mort de huit personnes en France.<br \/>\nSi une attaque peut \u00eatre conduite en tout lieu du territoire, les transports, les grands rassemblements festifs, les sites symboliques, les lieux publics tr\u00e8s fr\u00e9quent\u00e9s, les \u00e9tablissements de sant\u00e9, \u00e9coles, universit\u00e9s ou administrations publiques et priv\u00e9es sont particuli\u00e8rement cibl\u00e9s. Dans ce cadre, le SGDSN a souhait\u00e9 d\u00e9velopper un guide des bonnes pratiques pour la s\u00fbret\u00e9 des espaces publics, destin\u00e9 \u00e0 tous les exploitants et usagers d\u2019\u00e9tablissements recevant du public, ainsi qu\u2019aux \u00e9lus locaux et aux repr\u00e9sentants de l\u2019\u00c9tat.<br \/>\nIl est con\u00e7u avec l\u2019ambition de diffuser une culture de la s\u00e9curit\u00e9 aupr\u00e8s de nos concitoyens. L&#8217;acuit\u00e9 de cette ambition se refl\u00e8te par l&#8217;organisation en France de grands \u00e9v\u00e8nements internationaux, tels que les Jeux Olympiques en 2024. Ce guide concourt donc \u00e0 trois grands objectifs : sensibiliser \u00e0 la menace terroriste ; aider les responsables de lieux accueillant du public \u00e0 l\u2019anticiper et \u00e0 d\u00e9ployer les moyens adapt\u00e9s ; pr\u00e9senter les r\u00e9actions et gestes r\u00e9flexes susceptibles d\u2019\u00eatre adopt\u00e9s en cas d\u2019attaque. \u00c9labor\u00e9es en \u00e9troite collaboration avec les hauts fonctionnaires de d\u00e9fense et de s\u00e9curit\u00e9 des minist\u00e8res, les recommandations de ce guide s\u2019appliquent \u00e0 tous les espaces publics et prennent en compte toutes les menaces. En effet, elles ciblent aussi bien les modes op\u00e9ratoires rudimentaires que sophistiqu\u00e9s comme l\u2019utilisation de substances chimiques ou biologiques.<br \/>\nCe guide, disponible en ligne, sera r\u00e9guli\u00e8rement mis \u00e0 jour en fonction du contexte s\u00e9curitaire et du cadre juridique. Il nous permet de renforcer notre vigilance et de nous adapter constamment \u00e0 l\u2019\u00e9volution des menaces. Il compl\u00e8te utilement la plateforme Vigipirate \u00ab Faire face ensemble \u00bb.<\/p>\n<p>Nicolas de Maistre<\/p>\n<p><a href=\"https:\/\/www.bibliotecadeseguranca.com.br\/wp-content\/uploads\/2022\/04\/guide-des-bonnes-pratiques-pour-la-surete-des-espaces-publics.pdf\" target=\"_blank\" rel=\"noopener\"><img loading=\"lazy\" decoding=\"async\" class=\"alignleft wp-image-12143 size-full\" src=\"https:\/\/www.bibliotecadeseguranca.com.br\/fr\/wp-content\/uploads\/2015\/03\/download_fr.gif\" alt=\"T\u00e9l\u00e9charger\" width=\"107\" height=\"25\" \/><\/a><\/p>\n","protected":false},"excerpt":{"rendered":"<p>Secr\u00e9tariat g\u00e9n\u00e9ral de la d\u00e9fense et de la s\u00e9curit\u00e9 nationale R\u00e9sum\u00e9: Les s\u00e9ries d\u2019attentats qui se sont succ\u00e9d\u00e9 sur notre territoire depuis 2015 sont le reflet d\u2019une menace particuli\u00e8rement \u00e9lev\u00e9e en Europe. Elles sont souvent perp\u00e9tr\u00e9es au nom d\u2019id\u00e9ologies radicales, islamistes particuli\u00e8rement. Malgr\u00e9 l\u2019affaiblissement des organisations terroristes et la d\u00e9gradation importante de leurs capacit\u00e9s \u00e0 projeter des attaques sur notre sol, cette menace terroriste se maintient \u00e0 un niveau \u00e9lev\u00e9.&hellip; <\/p>\n","protected":false},"author":3,"featured_media":18100,"comment_status":"open","ping_status":"closed","sticky":false,"template":"","format":"standard","meta":{"footnotes":""},"categories":[109,6,25,112],"tags":[],"class_list":["post-18099","post","type-post","status-publish","format-standard","has-post-thumbnail","hentry","category-francais","category-livros","category-seguranca-publica-e-defesa","category-download"],"views":379,"_links":{"self":[{"href":"https:\/\/www.bibliotecadeseguranca.com.br\/fr\/wp-json\/wp\/v2\/posts\/18099","targetHints":{"allow":["GET"]}}],"collection":[{"href":"https:\/\/www.bibliotecadeseguranca.com.br\/fr\/wp-json\/wp\/v2\/posts"}],"about":[{"href":"https:\/\/www.bibliotecadeseguranca.com.br\/fr\/wp-json\/wp\/v2\/types\/post"}],"author":[{"embeddable":true,"href":"https:\/\/www.bibliotecadeseguranca.com.br\/fr\/wp-json\/wp\/v2\/users\/3"}],"replies":[{"embeddable":true,"href":"https:\/\/www.bibliotecadeseguranca.com.br\/fr\/wp-json\/wp\/v2\/comments?post=18099"}],"version-history":[{"count":1,"href":"https:\/\/www.bibliotecadeseguranca.com.br\/fr\/wp-json\/wp\/v2\/posts\/18099\/revisions"}],"predecessor-version":[{"id":18101,"href":"https:\/\/www.bibliotecadeseguranca.com.br\/fr\/wp-json\/wp\/v2\/posts\/18099\/revisions\/18101"}],"wp:featuredmedia":[{"embeddable":true,"href":"https:\/\/www.bibliotecadeseguranca.com.br\/fr\/wp-json\/wp\/v2\/media\/18100"}],"wp:attachment":[{"href":"https:\/\/www.bibliotecadeseguranca.com.br\/fr\/wp-json\/wp\/v2\/media?parent=18099"}],"wp:term":[{"taxonomy":"category","embeddable":true,"href":"https:\/\/www.bibliotecadeseguranca.com.br\/fr\/wp-json\/wp\/v2\/categories?post=18099"},{"taxonomy":"post_tag","embeddable":true,"href":"https:\/\/www.bibliotecadeseguranca.com.br\/fr\/wp-json\/wp\/v2\/tags?post=18099"}],"curies":[{"name":"wp","href":"https:\/\/api.w.org\/{rel}","templated":true}]}}