{"id":18086,"date":"2022-04-22T14:00:01","date_gmt":"2022-04-22T17:00:01","guid":{"rendered":"https:\/\/www.bibliotecadeseguranca.com.br\/fr\/?p=18086"},"modified":"2022-04-22T11:37:44","modified_gmt":"2022-04-22T14:37:44","slug":"logistica-de-transporte-gestao-estrategica-no-transporte-de-cargas","status":"publish","type":"post","link":"https:\/\/www.bibliotecadeseguranca.com.br\/fr\/livros\/logistica-de-transporte-gestao-estrategica-no-transporte-de-cargas\/","title":{"rendered":"Log\u00edstica de Transporte: Gest\u00e3o Estrat\u00e9gica no Transporte de Cargas"},"content":{"rendered":"<p><span style=\"color: #003366;\"><strong><img loading=\"lazy\" decoding=\"async\" class=\"alignleft size-full wp-image-18087\" src=\"https:\/\/www.bibliotecadeseguranca.com.br\/fr\/wp-content\/uploads\/2022\/04\/logistica-de-transporte-gestao-estrategica-no-transporte-de-cargas.jpg\" alt=\"Log\u00edstica de Transporte: Gest\u00e3o Estrat\u00e9gica no Transporte de Cargas\" width=\"145\" height=\"204\" srcset=\"https:\/\/www.bibliotecadeseguranca.com.br\/fr\/wp-content\/uploads\/2022\/04\/logistica-de-transporte-gestao-estrategica-no-transporte-de-cargas.jpg 145w, https:\/\/www.bibliotecadeseguranca.com.br\/fr\/wp-content\/uploads\/2022\/04\/logistica-de-transporte-gestao-estrategica-no-transporte-de-cargas-107x150.jpg 107w\" sizes=\"auto, (max-width: 145px) 100vw, 145px\" \/>Verci Douglas Garcia Goulart, Alexandre de Campos<\/strong><\/span><\/p>\n<p><span style=\"color: #003366;\"><strong>Maison d&#8217;\u00e9dition \u00c9rica<\/strong><\/span><\/p>\n<p><span style=\"color: #003366;\"><strong>R\u00e9sum\u00e9:<\/strong><\/span> Este livro aborda os fundamentos da log\u00edstica de transportes, enfatizando seu processo, estrutura\u00e7\u00e3o e planejamento, e a interconex\u00e3o dessa cadeia com outras opera\u00e7\u00f5es. Trata das particularidades de cada modal, tamanho do lote, disponibilidade, frequ\u00eancia, valor do frete, entre outros aspectos. Destaca o modal rodovi\u00e1rio, suas normas e os procedimentos para sua regulariza\u00e7\u00e3o, assim como explica sua forma\u00e7\u00e3o de pre\u00e7os. Os tipos de seguros de diferentes modais, tanto no transporte de cargas quanto no de passageiros, tamb\u00e9m s\u00e3o explanados. A obra elucida a Resolu\u00e7\u00e3o Conama n\u00ba 418\/2009, que disp\u00f5e sobre os crit\u00e9rios para a elabora\u00e7\u00e3o de Planos de Controle de Polui\u00e7\u00e3o Veicular, para implanta\u00e7\u00e3o do Programas de Inspe\u00e7\u00e3o e Manuten\u00e7\u00e3o de Ve\u00edculos em Uso. Tamb\u00e9m \u00e9 estudada a gest\u00e3o de frotas, incluindo as quest\u00f5es do dimensionamento e da qualidade. Por fim, s\u00e3o apresentados os sistemas de informa\u00e7\u00f5es log\u00edsticas e os principais indicadores de desempenho estabele\u00adcidos por uma empresa e as m\u00e9tricas para monitorar custo, valor, servi\u00e7o e desperd\u00edcio.<\/p>\n","protected":false},"excerpt":{"rendered":"<p>Verci Douglas Garcia Goulart, Alexandre de Campos Maison d&#8217;\u00e9dition \u00c9rica R\u00e9sum\u00e9: Este livro aborda os fundamentos da log\u00edstica de transportes, enfatizando seu processo, estrutura\u00e7\u00e3o e planejamento, e a interconex\u00e3o dessa cadeia com outras opera\u00e7\u00f5es. Trata das particularidades de cada modal, tamanho do lote, disponibilidade, frequ\u00eancia, valor do frete, entre outros aspectos. Destaca o modal rodovi\u00e1rio, suas normas e os procedimentos para sua regulariza\u00e7\u00e3o, assim como explica sua forma\u00e7\u00e3o de pre\u00e7os.&hellip; <\/p>\n","protected":false},"author":3,"featured_media":18087,"comment_status":"open","ping_status":"closed","sticky":false,"template":"","format":"standard","meta":{"footnotes":""},"categories":[14,6,19],"tags":[],"class_list":["post-18086","post","type-post","status-publish","format-standard","has-post-thumbnail","hentry","category-administracao-e-estrategia-empresarial","category-livros","category-risco-e-perdas"],"views":311,"_links":{"self":[{"href":"https:\/\/www.bibliotecadeseguranca.com.br\/fr\/wp-json\/wp\/v2\/posts\/18086","targetHints":{"allow":["GET"]}}],"collection":[{"href":"https:\/\/www.bibliotecadeseguranca.com.br\/fr\/wp-json\/wp\/v2\/posts"}],"about":[{"href":"https:\/\/www.bibliotecadeseguranca.com.br\/fr\/wp-json\/wp\/v2\/types\/post"}],"author":[{"embeddable":true,"href":"https:\/\/www.bibliotecadeseguranca.com.br\/fr\/wp-json\/wp\/v2\/users\/3"}],"replies":[{"embeddable":true,"href":"https:\/\/www.bibliotecadeseguranca.com.br\/fr\/wp-json\/wp\/v2\/comments?post=18086"}],"version-history":[{"count":1,"href":"https:\/\/www.bibliotecadeseguranca.com.br\/fr\/wp-json\/wp\/v2\/posts\/18086\/revisions"}],"predecessor-version":[{"id":18088,"href":"https:\/\/www.bibliotecadeseguranca.com.br\/fr\/wp-json\/wp\/v2\/posts\/18086\/revisions\/18088"}],"wp:featuredmedia":[{"embeddable":true,"href":"https:\/\/www.bibliotecadeseguranca.com.br\/fr\/wp-json\/wp\/v2\/media\/18087"}],"wp:attachment":[{"href":"https:\/\/www.bibliotecadeseguranca.com.br\/fr\/wp-json\/wp\/v2\/media?parent=18086"}],"wp:term":[{"taxonomy":"category","embeddable":true,"href":"https:\/\/www.bibliotecadeseguranca.com.br\/fr\/wp-json\/wp\/v2\/categories?post=18086"},{"taxonomy":"post_tag","embeddable":true,"href":"https:\/\/www.bibliotecadeseguranca.com.br\/fr\/wp-json\/wp\/v2\/tags?post=18086"}],"curies":[{"name":"wp","href":"https:\/\/api.w.org\/{rel}","templated":true}]}}