{"id":18069,"date":"2022-04-15T14:00:09","date_gmt":"2022-04-15T17:00:09","guid":{"rendered":"https:\/\/www.bibliotecadeseguranca.com.br\/fr\/?p=18069"},"modified":"2022-04-15T13:07:46","modified_gmt":"2022-04-15T16:07:46","slug":"revista-fenavist-ano-xix-n-37-abril-2021","status":"publish","type":"post","link":"https:\/\/www.bibliotecadeseguranca.com.br\/fr\/periodicos-de-seguranca\/revista-fenavist-ano-xix-n-37-abril-2021\/","title":{"rendered":"Revista Fenavist \u2013 Ano XIX \u2013 N 37 \u2013 Abril 2021"},"content":{"rendered":"<p><span style=\"color: #003366;\"><strong><img loading=\"lazy\" decoding=\"async\" class=\"alignleft size-full wp-image-18070\" src=\"https:\/\/www.bibliotecadeseguranca.com.br\/fr\/wp-content\/uploads\/2022\/04\/revista-fenavist-ano-xix-n-37-abril-2021.jpg\" alt=\"Revista Fenavist \u2013 Ano XIX \u2013 N 37 \u2013 Abril 2021\" width=\"145\" height=\"195\" srcset=\"https:\/\/www.bibliotecadeseguranca.com.br\/fr\/wp-content\/uploads\/2022\/04\/revista-fenavist-ano-xix-n-37-abril-2021.jpg 145w, https:\/\/www.bibliotecadeseguranca.com.br\/fr\/wp-content\/uploads\/2022\/04\/revista-fenavist-ano-xix-n-37-abril-2021-112x150.jpg 112w\" sizes=\"auto, (max-width: 145px) 100vw, 145px\" \/>R\u00e9sum\u00e9:<\/strong><\/span> LUTO, TRISTEZA e ESPERAN\u00c7A<\/p>\n<p>Infelizmente, neste ano de 2021, no dia 18 de mar\u00e7o, a seguran\u00e7a privada teve um dos dias mais tristes da sua hist\u00f3ria. Faleceu v\u00edtima da covid 19 o nosso querido amigo, o senador Major Olimpio.<br \/>\nO \u201cSenador da Seguran\u00e7a Privada\u201d, como ele mesmo se denominava, era uma pessoa \u00edmpar, um ser humano \u00edntegro e excepcional, um cidad\u00e3o exemplar, um defensor do Brasil e da popula\u00e7\u00e3o, um guerreiro que, em momento algum, traiu suas convic\u00e7\u00f5es. Com uma longa hist\u00f3ria na seguran\u00e7a p\u00fablica, ao iniciar a carreira pol\u00edtica, sempre fez quest\u00e3o de deixar clara a import\u00e2ncia da seguran\u00e7a privada.<br \/>\nDesde que assumiu o primeiro mandato de deputado estadual em S\u00e3o Paulo, em 2011, fez do desenvolvimento da nossa atividade uma bandeira. J\u00e1 em Bras\u00edlia, como deputado federal e, depois, senador, sempre caminhou ao nosso lado. Foi fundamental para que a C\u00e2mara dos Deputados votasse o Estatuto da Seguran\u00e7a Privada, em 2016. No Senado, vinha trabalhando nos \u00faltimos dois anos para que a vota\u00e7\u00e3o fosse conclu\u00edda na Casa. Al\u00e9m disso, lutava para alterar as propostas de Reforma Tribut\u00e1ria apresentadas at\u00e9 o momento, que ampliam a carga de impostos das empresas.<br \/>\nDa dor pela perda, da longa batalha que temos enfrentado contra a covid, precisamos tirar a for\u00e7a e o exemplo para continuarmos lutando pelo nosso segmento. Dois mil e vinte e um se apresenta como mais um ano dif\u00edcil. O t\u00e9rmino dos programas de apoio do governo federal em dezembro de 2020 tornou a vida das empresas ainda mais complicada. As proje\u00e7\u00f5es de infla\u00e7\u00e3o t\u00eam sido revistas para cima constantemente.<br \/>\nMedidas paliativas por parte das pr\u00f3prias empresas e do governo podem ser tomadas, mas n\u00e3o resolvem o problema em definitivo. Estamos chegando ao limite. A vacina\u00e7\u00e3o em massa \u00e9 a solu\u00e7\u00e3o mais consistente no momento.<br \/>\nO pr\u00f3prio ministro da Economia, Paulo Guedes, tem repetido esse mantra, e consultores do mercado tamb\u00e9m. Assim, a esperan\u00e7a de uma retomada mais efetiva da economia ainda em 2021 passa necessariamente pela imuniza\u00e7\u00e3o em massa no Brasil. Temos um diferencial em rela\u00e7\u00e3o a v\u00e1rios pa\u00edses, dois laborat\u00f3rios, Butantan e Fiocruz, j\u00e1 produzindo vacinas em solo nacional.<br \/>\nVamos seguir juntos, lutando, brigando, ajudando-nos, como o nosso grande amigo Major Olimpio nos ensinou.<br \/>\nMinha solidariedade a familiares, amigos e admiradores.<\/p>\n<p>Jeferson Naz\u00e1rio<br \/>\nPresidente da Fenavist<\/p>\n<p><a href=\"https:\/\/www.bibliotecadeseguranca.com.br\/wp-content\/uploads\/2022\/04\/revista-fenavist-ano-xix-n-37-abril-2021.pdf\" target=\"_blank\" rel=\"noopener\"><img loading=\"lazy\" decoding=\"async\" class=\"alignleft wp-image-12143 size-full\" src=\"https:\/\/www.bibliotecadeseguranca.com.br\/fr\/wp-content\/uploads\/2015\/03\/download_fr.gif\" alt=\"T\u00e9l\u00e9charger\" width=\"107\" height=\"25\" \/><\/a><\/p>\n","protected":false},"excerpt":{"rendered":"<p>R\u00e9sum\u00e9: LUTO, TRISTEZA e ESPERAN\u00c7A Infelizmente, neste ano de 2021, no dia 18 de mar\u00e7o, a seguran\u00e7a privada teve um dos dias mais tristes da sua hist\u00f3ria. Faleceu v\u00edtima da covid 19 o nosso querido amigo, o senador Major Olimpio. O \u201cSenador da Seguran\u00e7a Privada\u201d, como ele mesmo se denominava, era uma pessoa \u00edmpar, um ser humano \u00edntegro e excepcional, um cidad\u00e3o exemplar, um defensor do Brasil e da popula\u00e7\u00e3o,&hellip; <\/p>\n","protected":false},"author":3,"featured_media":18070,"comment_status":"open","ping_status":"closed","sticky":false,"template":"","format":"standard","meta":{"footnotes":""},"categories":[124,71],"tags":[],"class_list":["post-18069","post","type-post","status-publish","format-standard","has-post-thumbnail","hentry","category-revista-fenavist","category-periodicos-de-seguranca"],"views":164,"_links":{"self":[{"href":"https:\/\/www.bibliotecadeseguranca.com.br\/fr\/wp-json\/wp\/v2\/posts\/18069","targetHints":{"allow":["GET"]}}],"collection":[{"href":"https:\/\/www.bibliotecadeseguranca.com.br\/fr\/wp-json\/wp\/v2\/posts"}],"about":[{"href":"https:\/\/www.bibliotecadeseguranca.com.br\/fr\/wp-json\/wp\/v2\/types\/post"}],"author":[{"embeddable":true,"href":"https:\/\/www.bibliotecadeseguranca.com.br\/fr\/wp-json\/wp\/v2\/users\/3"}],"replies":[{"embeddable":true,"href":"https:\/\/www.bibliotecadeseguranca.com.br\/fr\/wp-json\/wp\/v2\/comments?post=18069"}],"version-history":[{"count":1,"href":"https:\/\/www.bibliotecadeseguranca.com.br\/fr\/wp-json\/wp\/v2\/posts\/18069\/revisions"}],"predecessor-version":[{"id":18071,"href":"https:\/\/www.bibliotecadeseguranca.com.br\/fr\/wp-json\/wp\/v2\/posts\/18069\/revisions\/18071"}],"wp:featuredmedia":[{"embeddable":true,"href":"https:\/\/www.bibliotecadeseguranca.com.br\/fr\/wp-json\/wp\/v2\/media\/18070"}],"wp:attachment":[{"href":"https:\/\/www.bibliotecadeseguranca.com.br\/fr\/wp-json\/wp\/v2\/media?parent=18069"}],"wp:term":[{"taxonomy":"category","embeddable":true,"href":"https:\/\/www.bibliotecadeseguranca.com.br\/fr\/wp-json\/wp\/v2\/categories?post=18069"},{"taxonomy":"post_tag","embeddable":true,"href":"https:\/\/www.bibliotecadeseguranca.com.br\/fr\/wp-json\/wp\/v2\/tags?post=18069"}],"curies":[{"name":"wp","href":"https:\/\/api.w.org\/{rel}","templated":true}]}}