{"id":17983,"date":"2022-03-10T14:00:27","date_gmt":"2022-03-10T17:00:27","guid":{"rendered":"https:\/\/www.bibliotecadeseguranca.com.br\/fr\/?p=17983"},"modified":"2022-03-10T12:57:05","modified_gmt":"2022-03-10T15:57:05","slug":"la-securite-publique-locale","status":"publish","type":"post","link":"https:\/\/www.bibliotecadeseguranca.com.br\/fr\/livros\/la-securite-publique-locale\/","title":{"rendered":"La s\u00e9curit\u00e9 publique locale"},"content":{"rendered":"<p><span style=\"color: #003366;\"><strong><img loading=\"lazy\" decoding=\"async\" class=\"alignleft size-full wp-image-17984\" src=\"https:\/\/www.bibliotecadeseguranca.com.br\/fr\/wp-content\/uploads\/2022\/03\/la-securite-publique-locale.jpg\" alt=\"La s\u00e9curit\u00e9 publique locale\" width=\"145\" height=\"205\" srcset=\"https:\/\/www.bibliotecadeseguranca.com.br\/fr\/wp-content\/uploads\/2022\/03\/la-securite-publique-locale.jpg 145w, https:\/\/www.bibliotecadeseguranca.com.br\/fr\/wp-content\/uploads\/2022\/03\/la-securite-publique-locale-106x150.jpg 106w\" sizes=\"auto, (max-width: 145px) 100vw, 145px\" \/>Jean Christophe Quintal<\/strong><\/span><\/p>\n<p><span style=\"color: #003366;\"><strong>Maison d&#8217;\u00e9dition VA press<\/strong><\/span><\/p>\n<p><span style=\"color: #003366;\"><strong>R\u00e9sum\u00e9:<\/strong><\/span> La s\u00e9curit\u00e9, la pr\u00e9vention et la tranquillit\u00e9 publiques, rev\u00eatent aujourd&#8217;hui une importance capitale sur le plan local (communes) ou territorial (communaut\u00e9s de communes ou d&#8217;agglom\u00e9rations), notamment dans les zones semi-rurales o\u00f9 ces notions ne sont pas, peu ou mal exploit\u00e9es par des responsables et \u00e9lus locaux, parfois d\u00e9sarm\u00e9s face aux d\u00e9sordres subis.<\/p>\n<p>La s\u00e9curit\u00e9 li\u00e9e \u00e0 la lutte contre les ph\u00e9nom\u00e8nes de d\u00e9linquance est un domaine relativement r\u00e9cent pour les petites et moyennes collectivit\u00e9s territoriales. Elle m\u00e9rite amplement que les \u00e9lus y attachent l&#8217;importance que les divers troubles publics peuvent lui conf\u00e9rer.<\/p>\n<p>Bien s\u00fbr, il n&#8217;y a pas la solution (miracle) aux probl\u00e8mes rencontr\u00e9s mais bien un ensemble d&#8217;outils et de mesures \u00e0 mettre en oeuvre, \u00e0 organiser et \u00e0 conjuguer avec les acteurs locaux composant le paysage de la s\u00e9curit\u00e9 et de la tranquillit\u00e9 publiques (\u00c9tat, \u00c9ducation Nationale, Collectivit\u00e9s territoriales, urbanisme, monde associatif, etc).<\/p>\n<p>Au travers d&#8217;exp\u00e9rimentations \u00e9prouv\u00e9es et test\u00e9es, il a \u00e9t\u00e9 v\u00e9rifi\u00e9 que les mesures pr\u00e9ventives et r\u00e9pressives, combin\u00e9es entre elles, permettent de lutter efficacement contre l&#8217;ins\u00e9curit\u00e9 et le sentiment d&#8217;ins\u00e9curit\u00e9.<\/p>\n<p>Parce qu&#8217;il s&#8217;agit de r\u00e9pondre rapidement aux premiers signes d&#8217;infraction et\/ou d&#8217;incivilit\u00e9, la collectivit\u00e9 locale (ou territoriale) doit s&#8217;employer activement dans la pr\u00e9vention de la d\u00e9linquance avec tous les acteurs institutionnels et associatifs mobilis\u00e9s sur ce th\u00e8me.<\/p>\n<p>Ce guide pratique, \u00e0 l&#8217;usage des maires, des \u00e9lus, des responsables de la s\u00e9curit\u00e9 locale, des commer\u00e7ants et de tous ceux qui sont impliqu\u00e9s par la tranquillit\u00e9 publique, a donc pour unique pr\u00e9tention d&#8217;exposer une quarantaine d&#8217;outils pratiques et concrets mis \u00e0 leur disposition par le l\u00e9gislateur et de proposer les strat\u00e9gies de s\u00e9curit\u00e9 les mieux adapt\u00e9es pour r\u00e9pondre aux d\u00e9sordres survenant ou pouvant survenir sur leur territoire.<\/p>\n","protected":false},"excerpt":{"rendered":"<p>Jean Christophe Quintal Maison d&#8217;\u00e9dition VA press R\u00e9sum\u00e9: La s\u00e9curit\u00e9, la pr\u00e9vention et la tranquillit\u00e9 publiques, rev\u00eatent aujourd&#8217;hui une importance capitale sur le plan local (communes) ou territorial (communaut\u00e9s de communes ou d&#8217;agglom\u00e9rations), notamment dans les zones semi-rurales o\u00f9 ces notions ne sont pas, peu ou mal exploit\u00e9es par des responsables et \u00e9lus locaux, parfois d\u00e9sarm\u00e9s face aux d\u00e9sordres subis. La s\u00e9curit\u00e9 li\u00e9e \u00e0 la lutte contre les ph\u00e9nom\u00e8nes de&hellip; <\/p>\n","protected":false},"author":3,"featured_media":17984,"comment_status":"open","ping_status":"closed","sticky":false,"template":"","format":"standard","meta":{"footnotes":""},"categories":[109,6,25],"tags":[],"class_list":["post-17983","post","type-post","status-publish","format-standard","has-post-thumbnail","hentry","category-francais","category-livros","category-seguranca-publica-e-defesa"],"views":249,"_links":{"self":[{"href":"https:\/\/www.bibliotecadeseguranca.com.br\/fr\/wp-json\/wp\/v2\/posts\/17983","targetHints":{"allow":["GET"]}}],"collection":[{"href":"https:\/\/www.bibliotecadeseguranca.com.br\/fr\/wp-json\/wp\/v2\/posts"}],"about":[{"href":"https:\/\/www.bibliotecadeseguranca.com.br\/fr\/wp-json\/wp\/v2\/types\/post"}],"author":[{"embeddable":true,"href":"https:\/\/www.bibliotecadeseguranca.com.br\/fr\/wp-json\/wp\/v2\/users\/3"}],"replies":[{"embeddable":true,"href":"https:\/\/www.bibliotecadeseguranca.com.br\/fr\/wp-json\/wp\/v2\/comments?post=17983"}],"version-history":[{"count":1,"href":"https:\/\/www.bibliotecadeseguranca.com.br\/fr\/wp-json\/wp\/v2\/posts\/17983\/revisions"}],"predecessor-version":[{"id":17985,"href":"https:\/\/www.bibliotecadeseguranca.com.br\/fr\/wp-json\/wp\/v2\/posts\/17983\/revisions\/17985"}],"wp:featuredmedia":[{"embeddable":true,"href":"https:\/\/www.bibliotecadeseguranca.com.br\/fr\/wp-json\/wp\/v2\/media\/17984"}],"wp:attachment":[{"href":"https:\/\/www.bibliotecadeseguranca.com.br\/fr\/wp-json\/wp\/v2\/media?parent=17983"}],"wp:term":[{"taxonomy":"category","embeddable":true,"href":"https:\/\/www.bibliotecadeseguranca.com.br\/fr\/wp-json\/wp\/v2\/categories?post=17983"},{"taxonomy":"post_tag","embeddable":true,"href":"https:\/\/www.bibliotecadeseguranca.com.br\/fr\/wp-json\/wp\/v2\/tags?post=17983"}],"curies":[{"name":"wp","href":"https:\/\/api.w.org\/{rel}","templated":true}]}}